{"id":7857,"date":"2024-10-18T14:04:00","date_gmt":"2024-10-18T12:04:00","guid":{"rendered":"http:\/\/muzeum.brzozow.pl\/?p=7857"},"modified":"2025-03-11T14:12:26","modified_gmt":"2025-03-11T13:12:26","slug":"historyk-i-swiadek-historii-jan-draus","status":"publish","type":"post","link":"https:\/\/muzeum.brzozow.pl\/?p=7857","title":{"rendered":"HISTORYK I \u015aWIADEK HISTORII \u2013 JAN DRAUS"},"content":{"rendered":"\n<p>We wtorkowe popo\u0142udnie 15 pa\u017adziernika, w murach brzozowskiego ratusza, odby\u0142o si\u0119 spotkanie autorskie, kt\u00f3rego bohaterem by\u0142 Profesor Jan Draus.<\/p>\n\n\n\n<p>Organizatorami wydarzenia by\u0142o Muzeum Regionalne w Brzozowie wraz z Instytutem Pami\u0119ci Narodowej Oddzia\u0142 w Rzeszowie. <\/p>\n\n\n\n<p>Pan Profesor to historyk specjalizuj\u0105cy si\u0119 w dziejach Galicji, polskiej o\u015bwiaty i nauki, Ko\u015bcio\u0142a katolickiego, a tak\u017ce historii zmaga\u0144 Polak\u00f3w z totalitaryzmem niemieckim i komunizmem. Profesor Draus to naukowiec, osoba zaanga\u017cowana od 1976 r. w organizowanie opozycji demokratycznej w PRL, od 1980 r. dzia\u0142acz \u201eSolidarno\u015bci&#8221;, a po wprowadzeniu stanu wojennego aktywny wsp\u00f3\u0142pracownik jej tajnych struktur. <\/p>\n\n\n\n<p>W latach osiemdziesi\u0105tych \u0142\u0105czy\u0142 swoje zawodowe i naukowe zainteresowania z dzia\u0142alno\u015bci\u0105 opozycyjn\u0105, anga\u017cuj\u0105c si\u0119 w \u017cycie kulturalne jako wyk\u0142adowca, redaktor niezale\u017cnych pism i autor artyku\u0142\u00f3w przywracaj\u0105cych prawd\u0119 m.in. o zapomnianych polskich bohaterach, \u017co\u0142nierzach AK i \u017co\u0142nierzach wykl\u0119tych. <\/p>\n\n\n\n<p>Prof. Jan Draus by\u0142 wsp\u00f3\u0142tw\u00f3rc\u0105 i rektorem Pa\u0144stwowej Wy\u017cszej Szko\u0142y Wschodnioeuropejskiej w Przemy\u015blu, senatorem, mened\u017cerem i spo\u0142ecznikiem. Profesor pe\u0142ni\u0142 m.in. funkcj\u0119 cz\u0142onka Kolegium IPN i uczestniczy\u0142 w jego dzia\u0142alno\u015bci naukowej. Zaanga\u017cowa\u0142 si\u0119 w powstanie Instytutu Pami\u0119ci Narodowej i po\u015bwi\u0119ci\u0142 mu znaczn\u0105 cz\u0119\u015b\u0107 swojego \u017cycia. <\/p>\n\n\n\n<p>Po\u015bwi\u0119cona Janowi Drausowi publikacja \u201eHistoryk i \u015bwiadek historii. Ksi\u0119ga dedykowana Profesorowi Janowi Drausowi\u201d, kt\u00f3rej promocja odby\u0142a si\u0119 w czasie wtorkowego spotkania, w pe\u0142ni charakteryzuje posta\u0107 Profesora.<\/p>\n\n\n\n<p>Konferencj\u0119 otworzy\u0142, i powita\u0142 go\u015bci, dyrektor Muzeum \u2013 Jerzy F. Adamski. Wzi\u0119li w niej udzia\u0142: Profesor Jan Draus, pos\u0142a do Parlamentu Europejskiego reprezentowa\u0142 dyrektor biura poselskiego w Brzozowie \u2013 Andrzej Wrona, Adam \u015anie\u017cek i Mateusz Lechwar \u2013 Radni Sejmiku Wojew\u00f3dztwa Podkarpackiego, przedstawiciele IPN Oddzia\u0142 w Rzeszowie: dr hab. Mariusz Krzysztofi\u0144ski, kt\u00f3ry wyst\u0105pi\u0142 z referatem \u201eProfesor Jan Draus \u2013 sylwetka opozycjonisty, naukowca i urz\u0119dnika\u201d, dr hab. Krzysztof Kaczmarski z referatem \u201eWok\u00f3\u0142 ksi\u0105\u017cki Historyk i \u015bwiadek historii. Ksi\u0119ga dedykowana Profesorowi Janowi Drausowi\u201d, dr Marcin Buka\u0142a, kt\u00f3ry by\u0142 moderatorem dyskusji panelowej \u201eDawnych wspomnie\u0144 czar. Wspomnienia Profesora Jana Drausa i Przyjaci\u00f3\u0142\u201d, Henryk Kozik \u2013 przewodnicz\u0105cy Rady Powiatu Brzozowskiego wraz z radnymi powiatowymi, Mariola Pilszak \u2013 radna Rady Miejskiej w Brzozowie, przewodnicz\u0105ca Komisji Kultury, O\u015bwiaty, Sportu, Turystyki i Wypoczynku oraz Rady Muzeum Regionalnego w Brzozowie, J\u00f3zef Baran \u2013 dyrektor ZEAS w Brzozowie oraz sympatycy Muzeum. <\/p>\n\n\n\n<p>W panelu dyskusyjnym, wsp\u00f3lnie z Profesorem Janem Drausem, udzia\u0142 wzi\u0119li jego przyjaciele, wsp\u00f3\u0142pracownicy z lat opozycji politycznej w latach osiemdziesi\u0105tych: Wanda Tarnawska, Jerzy F. Adamski i dr Zbigniew K. W\u00f3jcik.<\/p>\n\n\n\n<p>Tadeusz St\u0119pie\u0144, prezes Stowarzyszenia na Rzecz Rozwoju Wsi Grabownica Starze\u0144ska, z\u0142o\u017cy\u0142 serdeczne podzi\u0119kowania Profesorowi za pomoc w pozyskaniu \u015brodk\u00f3w na remont zabytkowego pomnika Powsta\u0144ca Styczniowego Teodora Kurza, spoczywaj\u0105cego na grabownickim cmentarzu. <\/p>\n\n\n\n<p>Na zako\u0144czenie go\u015bcie wys\u0142uchali Recitalu Marioli Friedek \u2013 aktorki musicalowej, za\u0142o\u017cycielki Akademii Wokalno-Aktorskiej MF. Artis. Podczas prezentacji mo\u017cna by\u0142o naby\u0107 publikacj\u0119 \u2013 ksi\u0119g\u0119 dedykowan\u0105 Profesorowi Drausowi.<\/p>\n\n\n\n<!-- default-view.php -->\n<div\n\tclass=\"ngg-galleryoverview default-view \"\n\tid=\"ngg-gallery-75a4d2868fe3da223a680905cdaab227-1\">\n\n\t\t<!-- Thumbnails -->\n\t\t\t\t<div id=\"ngg-image-0\" class=\"ngg-gallery-thumbnail-box \" >\n\t\t\t\t        <div class=\"ngg-gallery-thumbnail\">\n            <a href=\"https:\/\/muzeum.brzozow.pl\/wp-content\/gallery\/spotkanie-z-janem-draussem\/DSC_0088.JPG\"\n               title=\"\"\n               data-src=\"https:\/\/muzeum.brzozow.pl\/wp-content\/gallery\/spotkanie-z-janem-draussem\/DSC_0088.JPG\"\n               data-thumbnail=\"https:\/\/muzeum.brzozow.pl\/wp-content\/gallery\/spotkanie-z-janem-draussem\/thumbs\/thumbs_DSC_0088.JPG\"\n               data-image-id=\"1586\"\n               data-title=\"DSC_0088\"\n               data-description=\"\"\n               data-image-slug=\"dsc_0088\"\n               class=\"ngg-simplelightbox\" rel=\"75a4d2868fe3da223a680905cdaab227\">\n                <img\n                    title=\"DSC_0088\"\n                    alt=\"DSC_0088\"\n                    src=\"https:\/\/muzeum.brzozow.pl\/wp-content\/gallery\/spotkanie-z-janem-draussem\/thumbs\/thumbs_DSC_0088.JPG\"\n                    width=\"240\"\n                    height=\"160\"\n                    style=\"max-width:100%;\"\n                \/>\n            <\/a>\n        <\/div>\n\t\t\t\t\t\t\t<\/div> \n\t\t\t\n\t\t\t\t<div id=\"ngg-image-1\" class=\"ngg-gallery-thumbnail-box \" >\n\t\t\t\t        <div class=\"ngg-gallery-thumbnail\">\n            <a href=\"https:\/\/muzeum.brzozow.pl\/wp-content\/gallery\/spotkanie-z-janem-draussem\/DSC_0037.JPG\"\n               title=\"\"\n               data-src=\"https:\/\/muzeum.brzozow.pl\/wp-content\/gallery\/spotkanie-z-janem-draussem\/DSC_0037.JPG\"\n               data-thumbnail=\"https:\/\/muzeum.brzozow.pl\/wp-content\/gallery\/spotkanie-z-janem-draussem\/thumbs\/thumbs_DSC_0037.JPG\"\n               data-image-id=\"1593\"\n               data-title=\"DSC_0037\"\n               data-description=\"\"\n               data-image-slug=\"dsc_0037-1\"\n               class=\"ngg-simplelightbox\" rel=\"75a4d2868fe3da223a680905cdaab227\">\n                <img\n                    title=\"DSC_0037\"\n                    alt=\"DSC_0037\"\n                    src=\"https:\/\/muzeum.brzozow.pl\/wp-content\/gallery\/spotkanie-z-janem-draussem\/thumbs\/thumbs_DSC_0037.JPG\"\n                    width=\"240\"\n                    height=\"160\"\n                    style=\"max-width:100%;\"\n                \/>\n            <\/a>\n        <\/div>\n\t\t\t\t\t\t\t<\/div> \n\t\t\t\n\t\t\t\t<div id=\"ngg-image-2\" class=\"ngg-gallery-thumbnail-box \" >\n\t\t\t\t        <div class=\"ngg-gallery-thumbnail\">\n            <a href=\"https:\/\/muzeum.brzozow.pl\/wp-content\/gallery\/spotkanie-z-janem-draussem\/DSC_0028.JPG\"\n               title=\"\"\n               data-src=\"https:\/\/muzeum.brzozow.pl\/wp-content\/gallery\/spotkanie-z-janem-draussem\/DSC_0028.JPG\"\n               data-thumbnail=\"https:\/\/muzeum.brzozow.pl\/wp-content\/gallery\/spotkanie-z-janem-draussem\/thumbs\/thumbs_DSC_0028.JPG\"\n               data-image-id=\"1584\"\n               data-title=\"DSC_0028\"\n               data-description=\"\"\n               data-image-slug=\"dsc_0028\"\n               class=\"ngg-simplelightbox\" rel=\"75a4d2868fe3da223a680905cdaab227\">\n                <img\n                    title=\"DSC_0028\"\n                    alt=\"DSC_0028\"\n                    src=\"https:\/\/muzeum.brzozow.pl\/wp-content\/gallery\/spotkanie-z-janem-draussem\/thumbs\/thumbs_DSC_0028.JPG\"\n                    width=\"240\"\n                    height=\"160\"\n                    style=\"max-width:100%;\"\n                \/>\n            <\/a>\n        <\/div>\n\t\t\t\t\t\t\t<\/div> \n\t\t\t\n\t\t\t\t<div id=\"ngg-image-3\" class=\"ngg-gallery-thumbnail-box \" >\n\t\t\t\t        <div class=\"ngg-gallery-thumbnail\">\n            <a href=\"https:\/\/muzeum.brzozow.pl\/wp-content\/gallery\/spotkanie-z-janem-draussem\/DSC_0022.JPG\"\n               title=\"\"\n               data-src=\"https:\/\/muzeum.brzozow.pl\/wp-content\/gallery\/spotkanie-z-janem-draussem\/DSC_0022.JPG\"\n               data-thumbnail=\"https:\/\/muzeum.brzozow.pl\/wp-content\/gallery\/spotkanie-z-janem-draussem\/thumbs\/thumbs_DSC_0022.JPG\"\n               data-image-id=\"1582\"\n               data-title=\"DSC_0022\"\n               data-description=\"\"\n               data-image-slug=\"dsc_0022\"\n               class=\"ngg-simplelightbox\" rel=\"75a4d2868fe3da223a680905cdaab227\">\n                <img\n                    title=\"DSC_0022\"\n                    alt=\"DSC_0022\"\n                    src=\"https:\/\/muzeum.brzozow.pl\/wp-content\/gallery\/spotkanie-z-janem-draussem\/thumbs\/thumbs_DSC_0022.JPG\"\n                    width=\"240\"\n                    height=\"160\"\n                    style=\"max-width:100%;\"\n                \/>\n            <\/a>\n        <\/div>\n\t\t\t\t\t\t\t<\/div> \n\t\t\t\n\t\t\t\t<div id=\"ngg-image-4\" class=\"ngg-gallery-thumbnail-box \" >\n\t\t\t\t        <div class=\"ngg-gallery-thumbnail\">\n            <a href=\"https:\/\/muzeum.brzozow.pl\/wp-content\/gallery\/spotkanie-z-janem-draussem\/DSC_0052.JPG\"\n               title=\"\"\n               data-src=\"https:\/\/muzeum.brzozow.pl\/wp-content\/gallery\/spotkanie-z-janem-draussem\/DSC_0052.JPG\"\n               data-thumbnail=\"https:\/\/muzeum.brzozow.pl\/wp-content\/gallery\/spotkanie-z-janem-draussem\/thumbs\/thumbs_DSC_0052.JPG\"\n               data-image-id=\"1583\"\n               data-title=\"DSC_0052\"\n               data-description=\"\"\n               data-image-slug=\"dsc_0052\"\n               class=\"ngg-simplelightbox\" rel=\"75a4d2868fe3da223a680905cdaab227\">\n                <img\n                    title=\"DSC_0052\"\n                    alt=\"DSC_0052\"\n                    src=\"https:\/\/muzeum.brzozow.pl\/wp-content\/gallery\/spotkanie-z-janem-draussem\/thumbs\/thumbs_DSC_0052.JPG\"\n                    width=\"240\"\n                    height=\"160\"\n                    style=\"max-width:100%;\"\n                \/>\n            <\/a>\n        <\/div>\n\t\t\t\t\t\t\t<\/div> \n\t\t\t\n\t\t\t\t<div id=\"ngg-image-5\" class=\"ngg-gallery-thumbnail-box \" >\n\t\t\t\t        <div class=\"ngg-gallery-thumbnail\">\n            <a href=\"https:\/\/muzeum.brzozow.pl\/wp-content\/gallery\/spotkanie-z-janem-draussem\/DSC_0057.JPG\"\n               title=\"\"\n               data-src=\"https:\/\/muzeum.brzozow.pl\/wp-content\/gallery\/spotkanie-z-janem-draussem\/DSC_0057.JPG\"\n               data-thumbnail=\"https:\/\/muzeum.brzozow.pl\/wp-content\/gallery\/spotkanie-z-janem-draussem\/thumbs\/thumbs_DSC_0057.JPG\"\n               data-image-id=\"1596\"\n               data-title=\"DSC_0057\"\n               data-description=\"\"\n               data-image-slug=\"dsc_0057\"\n               class=\"ngg-simplelightbox\" rel=\"75a4d2868fe3da223a680905cdaab227\">\n                <img\n                    title=\"DSC_0057\"\n                    alt=\"DSC_0057\"\n                    src=\"https:\/\/muzeum.brzozow.pl\/wp-content\/gallery\/spotkanie-z-janem-draussem\/thumbs\/thumbs_DSC_0057.JPG\"\n                    width=\"240\"\n                    height=\"160\"\n                    style=\"max-width:100%;\"\n                \/>\n            <\/a>\n        <\/div>\n\t\t\t\t\t\t\t<\/div> \n\t\t\t\n\t\t\t\t<div id=\"ngg-image-6\" class=\"ngg-gallery-thumbnail-box \" >\n\t\t\t\t        <div class=\"ngg-gallery-thumbnail\">\n            <a href=\"https:\/\/muzeum.brzozow.pl\/wp-content\/gallery\/spotkanie-z-janem-draussem\/DSC_0069.JPG\"\n               title=\"\"\n               data-src=\"https:\/\/muzeum.brzozow.pl\/wp-content\/gallery\/spotkanie-z-janem-draussem\/DSC_0069.JPG\"\n               data-thumbnail=\"https:\/\/muzeum.brzozow.pl\/wp-content\/gallery\/spotkanie-z-janem-draussem\/thumbs\/thumbs_DSC_0069.JPG\"\n               data-image-id=\"1594\"\n               data-title=\"DSC_0069\"\n               data-description=\"\"\n               data-image-slug=\"dsc_0069\"\n               class=\"ngg-simplelightbox\" rel=\"75a4d2868fe3da223a680905cdaab227\">\n                <img\n                    title=\"DSC_0069\"\n                    alt=\"DSC_0069\"\n                    src=\"https:\/\/muzeum.brzozow.pl\/wp-content\/gallery\/spotkanie-z-janem-draussem\/thumbs\/thumbs_DSC_0069.JPG\"\n                    width=\"240\"\n                    height=\"160\"\n                    style=\"max-width:100%;\"\n                \/>\n            <\/a>\n        <\/div>\n\t\t\t\t\t\t\t<\/div> \n\t\t\t\n\t\t\t\t<div id=\"ngg-image-7\" class=\"ngg-gallery-thumbnail-box \" >\n\t\t\t\t        <div class=\"ngg-gallery-thumbnail\">\n            <a href=\"https:\/\/muzeum.brzozow.pl\/wp-content\/gallery\/spotkanie-z-janem-draussem\/DSC_0081.JPG\"\n               title=\"\"\n               data-src=\"https:\/\/muzeum.brzozow.pl\/wp-content\/gallery\/spotkanie-z-janem-draussem\/DSC_0081.JPG\"\n               data-thumbnail=\"https:\/\/muzeum.brzozow.pl\/wp-content\/gallery\/spotkanie-z-janem-draussem\/thumbs\/thumbs_DSC_0081.JPG\"\n               data-image-id=\"1585\"\n               data-title=\"DSC_0081\"\n               data-description=\"\"\n               data-image-slug=\"dsc_0081\"\n               class=\"ngg-simplelightbox\" rel=\"75a4d2868fe3da223a680905cdaab227\">\n                <img\n                    title=\"DSC_0081\"\n                    alt=\"DSC_0081\"\n                    src=\"https:\/\/muzeum.brzozow.pl\/wp-content\/gallery\/spotkanie-z-janem-draussem\/thumbs\/thumbs_DSC_0081.JPG\"\n                    width=\"240\"\n                    height=\"160\"\n                    style=\"max-width:100%;\"\n                \/>\n            <\/a>\n        <\/div>\n\t\t\t\t\t\t\t<\/div> \n\t\t\t\n\t\t\t\t<div id=\"ngg-image-8\" class=\"ngg-gallery-thumbnail-box \" >\n\t\t\t\t        <div class=\"ngg-gallery-thumbnail\">\n            <a href=\"https:\/\/muzeum.brzozow.pl\/wp-content\/gallery\/spotkanie-z-janem-draussem\/DSC_0092.JPG\"\n               title=\"\"\n               data-src=\"https:\/\/muzeum.brzozow.pl\/wp-content\/gallery\/spotkanie-z-janem-draussem\/DSC_0092.JPG\"\n               data-thumbnail=\"https:\/\/muzeum.brzozow.pl\/wp-content\/gallery\/spotkanie-z-janem-draussem\/thumbs\/thumbs_DSC_0092.JPG\"\n               data-image-id=\"1587\"\n               data-title=\"DSC_0092\"\n               data-description=\"\"\n               data-image-slug=\"dsc_0092-1\"\n               class=\"ngg-simplelightbox\" rel=\"75a4d2868fe3da223a680905cdaab227\">\n                <img\n                    title=\"DSC_0092\"\n                    alt=\"DSC_0092\"\n                    src=\"https:\/\/muzeum.brzozow.pl\/wp-content\/gallery\/spotkanie-z-janem-draussem\/thumbs\/thumbs_DSC_0092.JPG\"\n                    width=\"240\"\n                    height=\"160\"\n                    style=\"max-width:100%;\"\n                \/>\n            <\/a>\n        <\/div>\n\t\t\t\t\t\t\t<\/div> \n\t\t\t\n\t\t\t\t<div id=\"ngg-image-9\" class=\"ngg-gallery-thumbnail-box \" >\n\t\t\t\t        <div class=\"ngg-gallery-thumbnail\">\n            <a href=\"https:\/\/muzeum.brzozow.pl\/wp-content\/gallery\/spotkanie-z-janem-draussem\/DSC_0096.JPG\"\n               title=\"\"\n               data-src=\"https:\/\/muzeum.brzozow.pl\/wp-content\/gallery\/spotkanie-z-janem-draussem\/DSC_0096.JPG\"\n               data-thumbnail=\"https:\/\/muzeum.brzozow.pl\/wp-content\/gallery\/spotkanie-z-janem-draussem\/thumbs\/thumbs_DSC_0096.JPG\"\n               data-image-id=\"1589\"\n               data-title=\"DSC_0096\"\n               data-description=\"\"\n               data-image-slug=\"dsc_0096-1\"\n               class=\"ngg-simplelightbox\" rel=\"75a4d2868fe3da223a680905cdaab227\">\n                <img\n                    title=\"DSC_0096\"\n                    alt=\"DSC_0096\"\n                    src=\"https:\/\/muzeum.brzozow.pl\/wp-content\/gallery\/spotkanie-z-janem-draussem\/thumbs\/thumbs_DSC_0096.JPG\"\n                    width=\"240\"\n                    height=\"160\"\n                    style=\"max-width:100%;\"\n                \/>\n            <\/a>\n        <\/div>\n\t\t\t\t\t\t\t<\/div> \n\t\t\t\n\t\t\t\t<div id=\"ngg-image-10\" class=\"ngg-gallery-thumbnail-box \" >\n\t\t\t\t        <div class=\"ngg-gallery-thumbnail\">\n            <a href=\"https:\/\/muzeum.brzozow.pl\/wp-content\/gallery\/spotkanie-z-janem-draussem\/DSC_0118.JPG\"\n               title=\"\"\n               data-src=\"https:\/\/muzeum.brzozow.pl\/wp-content\/gallery\/spotkanie-z-janem-draussem\/DSC_0118.JPG\"\n               data-thumbnail=\"https:\/\/muzeum.brzozow.pl\/wp-content\/gallery\/spotkanie-z-janem-draussem\/thumbs\/thumbs_DSC_0118.JPG\"\n               data-image-id=\"1588\"\n               data-title=\"DSC_0118\"\n               data-description=\"\"\n               data-image-slug=\"dsc_0118\"\n               class=\"ngg-simplelightbox\" rel=\"75a4d2868fe3da223a680905cdaab227\">\n                <img\n                    title=\"DSC_0118\"\n                    alt=\"DSC_0118\"\n                    src=\"https:\/\/muzeum.brzozow.pl\/wp-content\/gallery\/spotkanie-z-janem-draussem\/thumbs\/thumbs_DSC_0118.JPG\"\n                    width=\"240\"\n                    height=\"160\"\n                    style=\"max-width:100%;\"\n                \/>\n            <\/a>\n        <\/div>\n\t\t\t\t\t\t\t<\/div> \n\t\t\t\n\t\t\t\t<div id=\"ngg-image-11\" class=\"ngg-gallery-thumbnail-box \" >\n\t\t\t\t        <div class=\"ngg-gallery-thumbnail\">\n            <a href=\"https:\/\/muzeum.brzozow.pl\/wp-content\/gallery\/spotkanie-z-janem-draussem\/DSC_0120.JPG\"\n               title=\"\"\n               data-src=\"https:\/\/muzeum.brzozow.pl\/wp-content\/gallery\/spotkanie-z-janem-draussem\/DSC_0120.JPG\"\n               data-thumbnail=\"https:\/\/muzeum.brzozow.pl\/wp-content\/gallery\/spotkanie-z-janem-draussem\/thumbs\/thumbs_DSC_0120.JPG\"\n               data-image-id=\"1590\"\n               data-title=\"DSC_0120\"\n               data-description=\"\"\n               data-image-slug=\"dsc_0120-2\"\n               class=\"ngg-simplelightbox\" rel=\"75a4d2868fe3da223a680905cdaab227\">\n                <img\n                    title=\"DSC_0120\"\n                    alt=\"DSC_0120\"\n                    src=\"https:\/\/muzeum.brzozow.pl\/wp-content\/gallery\/spotkanie-z-janem-draussem\/thumbs\/thumbs_DSC_0120.JPG\"\n                    width=\"240\"\n                    height=\"160\"\n                    style=\"max-width:100%;\"\n                \/>\n            <\/a>\n        <\/div>\n\t\t\t\t\t\t\t<\/div> \n\t\t\t\n\t\t\t\t<div id=\"ngg-image-12\" class=\"ngg-gallery-thumbnail-box \" >\n\t\t\t\t        <div class=\"ngg-gallery-thumbnail\">\n            <a href=\"https:\/\/muzeum.brzozow.pl\/wp-content\/gallery\/spotkanie-z-janem-draussem\/DSC_0144.JPG\"\n               title=\"\"\n               data-src=\"https:\/\/muzeum.brzozow.pl\/wp-content\/gallery\/spotkanie-z-janem-draussem\/DSC_0144.JPG\"\n               data-thumbnail=\"https:\/\/muzeum.brzozow.pl\/wp-content\/gallery\/spotkanie-z-janem-draussem\/thumbs\/thumbs_DSC_0144.JPG\"\n               data-image-id=\"1592\"\n               data-title=\"DSC_0144\"\n               data-description=\"\"\n               data-image-slug=\"dsc_0144\"\n               class=\"ngg-simplelightbox\" rel=\"75a4d2868fe3da223a680905cdaab227\">\n                <img\n                    title=\"DSC_0144\"\n                    alt=\"DSC_0144\"\n                    src=\"https:\/\/muzeum.brzozow.pl\/wp-content\/gallery\/spotkanie-z-janem-draussem\/thumbs\/thumbs_DSC_0144.JPG\"\n                    width=\"240\"\n                    height=\"160\"\n                    style=\"max-width:100%;\"\n                \/>\n            <\/a>\n        <\/div>\n\t\t\t\t\t\t\t<\/div> \n\t\t\t\n\t\t\t\t<div id=\"ngg-image-13\" class=\"ngg-gallery-thumbnail-box \" >\n\t\t\t\t        <div class=\"ngg-gallery-thumbnail\">\n            <a href=\"https:\/\/muzeum.brzozow.pl\/wp-content\/gallery\/spotkanie-z-janem-draussem\/DSC_0156.JPG\"\n               title=\"\"\n               data-src=\"https:\/\/muzeum.brzozow.pl\/wp-content\/gallery\/spotkanie-z-janem-draussem\/DSC_0156.JPG\"\n               data-thumbnail=\"https:\/\/muzeum.brzozow.pl\/wp-content\/gallery\/spotkanie-z-janem-draussem\/thumbs\/thumbs_DSC_0156.JPG\"\n               data-image-id=\"1595\"\n               data-title=\"DSC_0156\"\n               data-description=\"\"\n               data-image-slug=\"dsc_0156\"\n               class=\"ngg-simplelightbox\" rel=\"75a4d2868fe3da223a680905cdaab227\">\n                <img\n                    title=\"DSC_0156\"\n                    alt=\"DSC_0156\"\n                    src=\"https:\/\/muzeum.brzozow.pl\/wp-content\/gallery\/spotkanie-z-janem-draussem\/thumbs\/thumbs_DSC_0156.JPG\"\n                    width=\"240\"\n                    height=\"160\"\n                    style=\"max-width:100%;\"\n                \/>\n            <\/a>\n        <\/div>\n\t\t\t\t\t\t\t<\/div> \n\t\t\t\n\t\t\t\t<div id=\"ngg-image-14\" class=\"ngg-gallery-thumbnail-box \" >\n\t\t\t\t        <div class=\"ngg-gallery-thumbnail\">\n            <a href=\"https:\/\/muzeum.brzozow.pl\/wp-content\/gallery\/spotkanie-z-janem-draussem\/DSC_0140.JPG\"\n               title=\"\"\n               data-src=\"https:\/\/muzeum.brzozow.pl\/wp-content\/gallery\/spotkanie-z-janem-draussem\/DSC_0140.JPG\"\n               data-thumbnail=\"https:\/\/muzeum.brzozow.pl\/wp-content\/gallery\/spotkanie-z-janem-draussem\/thumbs\/thumbs_DSC_0140.JPG\"\n               data-image-id=\"1591\"\n               data-title=\"DSC_0140\"\n               data-description=\"\"\n               data-image-slug=\"dsc_0140-1\"\n               class=\"ngg-simplelightbox\" rel=\"75a4d2868fe3da223a680905cdaab227\">\n                <img\n                    title=\"DSC_0140\"\n                    alt=\"DSC_0140\"\n                    src=\"https:\/\/muzeum.brzozow.pl\/wp-content\/gallery\/spotkanie-z-janem-draussem\/thumbs\/thumbs_DSC_0140.JPG\"\n                    width=\"240\"\n                    height=\"160\"\n                    style=\"max-width:100%;\"\n                \/>\n            <\/a>\n        <\/div>\n\t\t\t\t\t\t\t<\/div> \n\t\t\t\n\t\t\t\t<div id=\"ngg-image-15\" class=\"ngg-gallery-thumbnail-box \" >\n\t\t\t\t        <div class=\"ngg-gallery-thumbnail\">\n            <a href=\"https:\/\/muzeum.brzozow.pl\/wp-content\/gallery\/spotkanie-z-janem-draussem\/DSC_0193.JPG\"\n               title=\"\"\n               data-src=\"https:\/\/muzeum.brzozow.pl\/wp-content\/gallery\/spotkanie-z-janem-draussem\/DSC_0193.JPG\"\n               data-thumbnail=\"https:\/\/muzeum.brzozow.pl\/wp-content\/gallery\/spotkanie-z-janem-draussem\/thumbs\/thumbs_DSC_0193.JPG\"\n               data-image-id=\"1597\"\n               data-title=\"DSC_0193\"\n               data-description=\"\"\n               data-image-slug=\"dsc_0193-1\"\n               class=\"ngg-simplelightbox\" rel=\"75a4d2868fe3da223a680905cdaab227\">\n                <img\n                    title=\"DSC_0193\"\n                    alt=\"DSC_0193\"\n                    src=\"https:\/\/muzeum.brzozow.pl\/wp-content\/gallery\/spotkanie-z-janem-draussem\/thumbs\/thumbs_DSC_0193.JPG\"\n                    width=\"240\"\n                    height=\"160\"\n                    style=\"max-width:100%;\"\n                \/>\n            <\/a>\n        <\/div>\n\t\t\t\t\t\t\t<\/div> \n\t\t\t\n\t\t\t\t<div id=\"ngg-image-16\" class=\"ngg-gallery-thumbnail-box \" >\n\t\t\t\t        <div class=\"ngg-gallery-thumbnail\">\n            <a href=\"https:\/\/muzeum.brzozow.pl\/wp-content\/gallery\/spotkanie-z-janem-draussem\/DSC_0239.JPG\"\n               title=\"\"\n               data-src=\"https:\/\/muzeum.brzozow.pl\/wp-content\/gallery\/spotkanie-z-janem-draussem\/DSC_0239.JPG\"\n               data-thumbnail=\"https:\/\/muzeum.brzozow.pl\/wp-content\/gallery\/spotkanie-z-janem-draussem\/thumbs\/thumbs_DSC_0239.JPG\"\n               data-image-id=\"1598\"\n               data-title=\"DSC_0239\"\n               data-description=\"\"\n               data-image-slug=\"dsc_0239-1\"\n               class=\"ngg-simplelightbox\" rel=\"75a4d2868fe3da223a680905cdaab227\">\n                <img\n                    title=\"DSC_0239\"\n                    alt=\"DSC_0239\"\n                    src=\"https:\/\/muzeum.brzozow.pl\/wp-content\/gallery\/spotkanie-z-janem-draussem\/thumbs\/thumbs_DSC_0239.JPG\"\n                    width=\"240\"\n                    height=\"160\"\n                    style=\"max-width:100%;\"\n                \/>\n            <\/a>\n        <\/div>\n\t\t\t\t\t\t\t<\/div> \n\t\t\t\n\t\t\t\t<div id=\"ngg-image-17\" class=\"ngg-gallery-thumbnail-box \" >\n\t\t\t\t        <div class=\"ngg-gallery-thumbnail\">\n            <a href=\"https:\/\/muzeum.brzozow.pl\/wp-content\/gallery\/spotkanie-z-janem-draussem\/DSC_0251.JPG\"\n               title=\"\"\n               data-src=\"https:\/\/muzeum.brzozow.pl\/wp-content\/gallery\/spotkanie-z-janem-draussem\/DSC_0251.JPG\"\n               data-thumbnail=\"https:\/\/muzeum.brzozow.pl\/wp-content\/gallery\/spotkanie-z-janem-draussem\/thumbs\/thumbs_DSC_0251.JPG\"\n               data-image-id=\"1599\"\n               data-title=\"DSC_0251\"\n               data-description=\"\"\n               data-image-slug=\"dsc_0251\"\n               class=\"ngg-simplelightbox\" rel=\"75a4d2868fe3da223a680905cdaab227\">\n                <img\n                    title=\"DSC_0251\"\n                    alt=\"DSC_0251\"\n                    src=\"https:\/\/muzeum.brzozow.pl\/wp-content\/gallery\/spotkanie-z-janem-draussem\/thumbs\/thumbs_DSC_0251.JPG\"\n                    width=\"240\"\n                    height=\"160\"\n                    style=\"max-width:100%;\"\n                \/>\n            <\/a>\n        <\/div>\n\t\t\t\t\t\t\t<\/div> \n\t\t\t\n\t\t\t\t<div id=\"ngg-image-18\" class=\"ngg-gallery-thumbnail-box \" >\n\t\t\t\t        <div class=\"ngg-gallery-thumbnail\">\n            <a href=\"https:\/\/muzeum.brzozow.pl\/wp-content\/gallery\/spotkanie-z-janem-draussem\/DSC_0257.JPG\"\n               title=\"\"\n               data-src=\"https:\/\/muzeum.brzozow.pl\/wp-content\/gallery\/spotkanie-z-janem-draussem\/DSC_0257.JPG\"\n               data-thumbnail=\"https:\/\/muzeum.brzozow.pl\/wp-content\/gallery\/spotkanie-z-janem-draussem\/thumbs\/thumbs_DSC_0257.JPG\"\n               data-image-id=\"1600\"\n               data-title=\"DSC_0257\"\n               data-description=\"\"\n               data-image-slug=\"dsc_0257-1\"\n               class=\"ngg-simplelightbox\" rel=\"75a4d2868fe3da223a680905cdaab227\">\n                <img\n                    title=\"DSC_0257\"\n                    alt=\"DSC_0257\"\n                    src=\"https:\/\/muzeum.brzozow.pl\/wp-content\/gallery\/spotkanie-z-janem-draussem\/thumbs\/thumbs_DSC_0257.JPG\"\n                    width=\"240\"\n                    height=\"160\"\n                    style=\"max-width:100%;\"\n                \/>\n            <\/a>\n        <\/div>\n\t\t\t\t\t\t\t<\/div> \n\t\t\t\n\t\t\t\t<div id=\"ngg-image-19\" class=\"ngg-gallery-thumbnail-box \" >\n\t\t\t\t        <div class=\"ngg-gallery-thumbnail\">\n            <a href=\"https:\/\/muzeum.brzozow.pl\/wp-content\/gallery\/spotkanie-z-janem-draussem\/DSC_0269.JPG\"\n               title=\"\"\n               data-src=\"https:\/\/muzeum.brzozow.pl\/wp-content\/gallery\/spotkanie-z-janem-draussem\/DSC_0269.JPG\"\n               data-thumbnail=\"https:\/\/muzeum.brzozow.pl\/wp-content\/gallery\/spotkanie-z-janem-draussem\/thumbs\/thumbs_DSC_0269.JPG\"\n               data-image-id=\"1602\"\n               data-title=\"DSC_0269\"\n               data-description=\"\"\n               data-image-slug=\"dsc_0269\"\n               class=\"ngg-simplelightbox\" rel=\"75a4d2868fe3da223a680905cdaab227\">\n                <img\n                    title=\"DSC_0269\"\n                    alt=\"DSC_0269\"\n                    src=\"https:\/\/muzeum.brzozow.pl\/wp-content\/gallery\/spotkanie-z-janem-draussem\/thumbs\/thumbs_DSC_0269.JPG\"\n                    width=\"240\"\n                    height=\"160\"\n                    style=\"max-width:100%;\"\n                \/>\n            <\/a>\n        <\/div>\n\t\t\t\t\t\t\t<\/div> \n\t\t\t\n\t\t\t\t<div id=\"ngg-image-20\" class=\"ngg-gallery-thumbnail-box \" >\n\t\t\t\t        <div class=\"ngg-gallery-thumbnail\">\n            <a href=\"https:\/\/muzeum.brzozow.pl\/wp-content\/gallery\/spotkanie-z-janem-draussem\/DSC_0266.JPG\"\n               title=\"\"\n               data-src=\"https:\/\/muzeum.brzozow.pl\/wp-content\/gallery\/spotkanie-z-janem-draussem\/DSC_0266.JPG\"\n               data-thumbnail=\"https:\/\/muzeum.brzozow.pl\/wp-content\/gallery\/spotkanie-z-janem-draussem\/thumbs\/thumbs_DSC_0266.JPG\"\n               data-image-id=\"1601\"\n               data-title=\"DSC_0266\"\n               data-description=\"\"\n               data-image-slug=\"dsc_0266-3\"\n               class=\"ngg-simplelightbox\" rel=\"75a4d2868fe3da223a680905cdaab227\">\n                <img\n                    title=\"DSC_0266\"\n                    alt=\"DSC_0266\"\n                    src=\"https:\/\/muzeum.brzozow.pl\/wp-content\/gallery\/spotkanie-z-janem-draussem\/thumbs\/thumbs_DSC_0266.JPG\"\n                    width=\"240\"\n                    height=\"160\"\n                    style=\"max-width:100%;\"\n                \/>\n            <\/a>\n        <\/div>\n\t\t\t\t\t\t\t<\/div> \n\t\t\t\n\t\n\t<br style=\"clear: both\" \/>\n\n\t\n\t\t<!-- Pagination -->\n\t<div class='ngg-clear'><\/div>\t<\/div>\n\n","protected":false},"excerpt":{"rendered":"<p>We wtorkowe popo\u0142udnie 15 pa\u017adziernika,<\/p>\n","protected":false},"author":1,"featured_media":7856,"comment_status":"open","ping_status":"open","sticky":false,"template":"","format":"standard","meta":{"ngg_post_thumbnail":0},"categories":[1],"tags":[],"_links":{"self":[{"href":"https:\/\/muzeum.brzozow.pl\/index.php?rest_route=\/wp\/v2\/posts\/7857"}],"collection":[{"href":"https:\/\/muzeum.brzozow.pl\/index.php?rest_route=\/wp\/v2\/posts"}],"about":[{"href":"https:\/\/muzeum.brzozow.pl\/index.php?rest_route=\/wp\/v2\/types\/post"}],"author":[{"embeddable":true,"href":"https:\/\/muzeum.brzozow.pl\/index.php?rest_route=\/wp\/v2\/users\/1"}],"replies":[{"embeddable":true,"href":"https:\/\/muzeum.brzozow.pl\/index.php?rest_route=%2Fwp%2Fv2%2Fcomments&post=7857"}],"version-history":[{"count":1,"href":"https:\/\/muzeum.brzozow.pl\/index.php?rest_route=\/wp\/v2\/posts\/7857\/revisions"}],"predecessor-version":[{"id":7858,"href":"https:\/\/muzeum.brzozow.pl\/index.php?rest_route=\/wp\/v2\/posts\/7857\/revisions\/7858"}],"wp:featuredmedia":[{"embeddable":true,"href":"https:\/\/muzeum.brzozow.pl\/index.php?rest_route=\/wp\/v2\/media\/7856"}],"wp:attachment":[{"href":"https:\/\/muzeum.brzozow.pl\/index.php?rest_route=%2Fwp%2Fv2%2Fmedia&parent=7857"}],"wp:term":[{"taxonomy":"category","embeddable":true,"href":"https:\/\/muzeum.brzozow.pl\/index.php?rest_route=%2Fwp%2Fv2%2Fcategories&post=7857"},{"taxonomy":"post_tag","embeddable":true,"href":"https:\/\/muzeum.brzozow.pl\/index.php?rest_route=%2Fwp%2Fv2%2Ftags&post=7857"}],"curies":[{"name":"wp","href":"https:\/\/api.w.org\/{rel}","templated":true}]}}