{"id":6363,"date":"2022-10-10T11:19:36","date_gmt":"2022-10-10T09:19:36","guid":{"rendered":"http:\/\/muzeum.brzozow.pl\/?p=6363"},"modified":"2022-11-14T14:13:09","modified_gmt":"2022-11-14T13:13:09","slug":"wernisaz-wystawy-malarstwa-jerzego-figury","status":"publish","type":"post","link":"https:\/\/muzeum.brzozow.pl\/?p=6363","title":{"rendered":"Wernisa\u017c wystawy malarstwa Jerzego Figury"},"content":{"rendered":"\n<p>W sobotnie popo\u0142udnie, 8 pa\u017adziernika odby\u0142o si\u0119 otwarcie wystawy malarstwa Jerzego Figury. Dyrektor Agnieszka Adamska przywita\u0142a zebranych w sali wystaw czasowych przyjaci\u00f3\u0142, znajomych, najbli\u017csz\u0105 rodzin\u0119 kro\u015bnie\u0144skiego artysty, a tak\u017ce sympatyk\u00f3w brzozowskiego muzeum. W\u015br\u00f3d zaproszonych go\u015bci znale\u017ali si\u0119 tak\u017ce: zast\u0119pca Prezydenta Miasta Krosna Bronis\u0142aw Baran z ma\u0142\u017conk\u0105, przewodnicz\u0105cy Rady Miasta Krosna Zbigniew Kubit z ma\u0142\u017conk\u0105, w imieniu Pos\u0142a do Parlamentu Europejskiego Bogdana Rzo\u0144cy \u2013 Jerzy Ferdynand Adamski (dyrektor biura eurodeputowanego), radna powiatu brzozowskiego Magdalena Korona, emerytowana dyrektor brzozowskiego muzeum Halina Ko\u015bci\u0144ska i przewodnicz\u0105cy Zarz\u0105du Osiedla nr 2 w Brzozowie J\u00f3zef Byczy\u0144ski.<\/p>\n\n\n\n<p>Spotkaniu towarzyszy\u0142 mini koncert w wykonaniu m\u0142odych artyst\u00f3w. Jako pierwszy na skrzypcach zagra\u0142 Dominik Oleniacz, nast\u0119pnie za\u015bpiewa\u0142a Amelia Sowi\u0144ska. Zebrani go\u015bcie mogli r\u00f3wnie\u017c wys\u0142ucha\u0107 wiersza dedykowanego arty\u015bcie w interpretacji Doroty D\u0142ugosz oraz autorskiego wiersza napisanego specjalnie z okazji wernisa\u017cu przez Agnieszk\u0119 Mrozek.<\/p>\n\n\n\n<p>Jerzy Figura urodzi\u0142 si\u0119 w Nowej Soli, mieszka i tworzy w Kro\u015bnie. Maluje od kilkunastu lat, chocia\u017c umiej\u0119tno\u015bci plastyczne posiada\u0142 od zawsze. Malarstwo jest jego pasj\u0105. Tematyka prac artysty obejmuje pejza\u017c, architektur\u0119 zabytkow\u0105 Bieszczad\u00f3w, miast polsko-s\u0142owackiego pogranicza oraz kompozycje abstrakcyjne. Ze wzgl\u0119du na oryginalno\u015b\u0107 uj\u0119cia wyr\u00f3\u017cnia si\u0119 cykl \u201epasmowy&#8221;<br>z elementami pejza\u017cu. Pracuje w technice olejnej i akrylu. Obrazy malowane szerokim p\u0119dzlem, a tak\u017ce szpachl\u0105 posiadaj\u0105 bogat\u0105 palet\u0119 barw, faktur\u0119, oddaj\u0105 klimat i nastr\u00f3j uwiecznionych miejsc. Aktywnie uczestniczy w \u017cyciu kulturalnym Krosna i regionu. Ch\u0119tnie wspiera swymi obrazami akcje charytatywne. Ma w swoim dorobku 6 wystaw indywidualnych. By\u0142 uczestnikiem wielu mi\u0119dzynarodowych plener\u00f3w, sympozj\u00f3w artystycznych i wystaw zbiorowych, m.in. biennale artystyczne i przegl\u0105dy sztuki. Obrazy artysty ciesz\u0105 si\u0119 uznaniem mi\u0142o\u015bnik\u00f3w malarstwa, s\u0105 ozdob\u0105 licznych kolekcji prywatnych, galerii, organizator\u00f3w plener\u00f3w i sympozj\u00f3w artystycznych w kraju i za granic\u0105.<\/p>\n\n\n\n<p>fot. MK<\/p>\n\n\n\n<!-- default-view.php -->\n<div\n\tclass=\"ngg-galleryoverview default-view \"\n\tid=\"ngg-gallery-dfb1c49e8bd7cd2cd1eb5e01e921ea1b-1\">\n\n\t\t<!-- Thumbnails -->\n\t\t\t\t<div id=\"ngg-image-0\" class=\"ngg-gallery-thumbnail-box \" >\n\t\t\t\t        <div class=\"ngg-gallery-thumbnail\">\n            <a href=\"https:\/\/muzeum.brzozow.pl\/wp-content\/gallery\/figurajerzy-1\/DSC_0474-scaled.jpg\"\n               title=\"\"\n               data-src=\"https:\/\/muzeum.brzozow.pl\/wp-content\/gallery\/figurajerzy-1\/DSC_0474-scaled.jpg\"\n               data-thumbnail=\"https:\/\/muzeum.brzozow.pl\/wp-content\/gallery\/figurajerzy-1\/thumbs\/thumbs_DSC_0474-scaled.jpg\"\n               data-image-id=\"571\"\n               data-title=\"DSC_0474-scaled\"\n               data-description=\"\"\n               data-image-slug=\"dsc_0474-scaled\"\n               class=\"ngg-simplelightbox\" rel=\"dfb1c49e8bd7cd2cd1eb5e01e921ea1b\">\n                <img\n                    title=\"DSC_0474-scaled\"\n                    alt=\"DSC_0474-scaled\"\n                    src=\"https:\/\/muzeum.brzozow.pl\/wp-content\/gallery\/figurajerzy-1\/thumbs\/thumbs_DSC_0474-scaled.jpg\"\n                    width=\"240\"\n                    height=\"160\"\n                    style=\"max-width:100%;\"\n                \/>\n            <\/a>\n        <\/div>\n\t\t\t\t\t\t\t<\/div> \n\t\t\t\n\t\t\t\t<div id=\"ngg-image-1\" class=\"ngg-gallery-thumbnail-box \" >\n\t\t\t\t        <div class=\"ngg-gallery-thumbnail\">\n            <a href=\"https:\/\/muzeum.brzozow.pl\/wp-content\/gallery\/figurajerzy-1\/DSC_0310-scaled.jpg\"\n               title=\"\"\n               data-src=\"https:\/\/muzeum.brzozow.pl\/wp-content\/gallery\/figurajerzy-1\/DSC_0310-scaled.jpg\"\n               data-thumbnail=\"https:\/\/muzeum.brzozow.pl\/wp-content\/gallery\/figurajerzy-1\/thumbs\/thumbs_DSC_0310-scaled.jpg\"\n               data-image-id=\"583\"\n               data-title=\"DSC_0310-scaled\"\n               data-description=\"\"\n               data-image-slug=\"dsc_0310-scaled\"\n               class=\"ngg-simplelightbox\" rel=\"dfb1c49e8bd7cd2cd1eb5e01e921ea1b\">\n                <img\n                    title=\"DSC_0310-scaled\"\n                    alt=\"DSC_0310-scaled\"\n                    src=\"https:\/\/muzeum.brzozow.pl\/wp-content\/gallery\/figurajerzy-1\/thumbs\/thumbs_DSC_0310-scaled.jpg\"\n                    width=\"240\"\n                    height=\"160\"\n                    style=\"max-width:100%;\"\n                \/>\n            <\/a>\n        <\/div>\n\t\t\t\t\t\t\t<\/div> \n\t\t\t\n\t\t\t\t<div id=\"ngg-image-2\" class=\"ngg-gallery-thumbnail-box \" >\n\t\t\t\t        <div class=\"ngg-gallery-thumbnail\">\n            <a href=\"https:\/\/muzeum.brzozow.pl\/wp-content\/gallery\/figurajerzy-1\/DSC_0591-scaled.jpg\"\n               title=\"\"\n               data-src=\"https:\/\/muzeum.brzozow.pl\/wp-content\/gallery\/figurajerzy-1\/DSC_0591-scaled.jpg\"\n               data-thumbnail=\"https:\/\/muzeum.brzozow.pl\/wp-content\/gallery\/figurajerzy-1\/thumbs\/thumbs_DSC_0591-scaled.jpg\"\n               data-image-id=\"582\"\n               data-title=\"DSC_0591-scaled\"\n               data-description=\"\"\n               data-image-slug=\"dsc_0591-scaled\"\n               class=\"ngg-simplelightbox\" rel=\"dfb1c49e8bd7cd2cd1eb5e01e921ea1b\">\n                <img\n                    title=\"DSC_0591-scaled\"\n                    alt=\"DSC_0591-scaled\"\n                    src=\"https:\/\/muzeum.brzozow.pl\/wp-content\/gallery\/figurajerzy-1\/thumbs\/thumbs_DSC_0591-scaled.jpg\"\n                    width=\"240\"\n                    height=\"160\"\n                    style=\"max-width:100%;\"\n                \/>\n            <\/a>\n        <\/div>\n\t\t\t\t\t\t\t<\/div> \n\t\t\t\n\t\t\t\t<div id=\"ngg-image-3\" class=\"ngg-gallery-thumbnail-box \" >\n\t\t\t\t        <div class=\"ngg-gallery-thumbnail\">\n            <a href=\"https:\/\/muzeum.brzozow.pl\/wp-content\/gallery\/figurajerzy-1\/DSC_0567-scaled.jpg\"\n               title=\"\"\n               data-src=\"https:\/\/muzeum.brzozow.pl\/wp-content\/gallery\/figurajerzy-1\/DSC_0567-scaled.jpg\"\n               data-thumbnail=\"https:\/\/muzeum.brzozow.pl\/wp-content\/gallery\/figurajerzy-1\/thumbs\/thumbs_DSC_0567-scaled.jpg\"\n               data-image-id=\"581\"\n               data-title=\"DSC_0567-scaled\"\n               data-description=\"\"\n               data-image-slug=\"dsc_0567-scaled\"\n               class=\"ngg-simplelightbox\" rel=\"dfb1c49e8bd7cd2cd1eb5e01e921ea1b\">\n                <img\n                    title=\"DSC_0567-scaled\"\n                    alt=\"DSC_0567-scaled\"\n                    src=\"https:\/\/muzeum.brzozow.pl\/wp-content\/gallery\/figurajerzy-1\/thumbs\/thumbs_DSC_0567-scaled.jpg\"\n                    width=\"240\"\n                    height=\"160\"\n                    style=\"max-width:100%;\"\n                \/>\n            <\/a>\n        <\/div>\n\t\t\t\t\t\t\t<\/div> \n\t\t\t\n\t\t\t\t<div id=\"ngg-image-4\" class=\"ngg-gallery-thumbnail-box \" >\n\t\t\t\t        <div class=\"ngg-gallery-thumbnail\">\n            <a href=\"https:\/\/muzeum.brzozow.pl\/wp-content\/gallery\/figurajerzy-1\/DSC_0566-scaled.jpg\"\n               title=\"\"\n               data-src=\"https:\/\/muzeum.brzozow.pl\/wp-content\/gallery\/figurajerzy-1\/DSC_0566-scaled.jpg\"\n               data-thumbnail=\"https:\/\/muzeum.brzozow.pl\/wp-content\/gallery\/figurajerzy-1\/thumbs\/thumbs_DSC_0566-scaled.jpg\"\n               data-image-id=\"580\"\n               data-title=\"DSC_0566-scaled\"\n               data-description=\"\"\n               data-image-slug=\"dsc_0566-scaled\"\n               class=\"ngg-simplelightbox\" rel=\"dfb1c49e8bd7cd2cd1eb5e01e921ea1b\">\n                <img\n                    title=\"DSC_0566-scaled\"\n                    alt=\"DSC_0566-scaled\"\n                    src=\"https:\/\/muzeum.brzozow.pl\/wp-content\/gallery\/figurajerzy-1\/thumbs\/thumbs_DSC_0566-scaled.jpg\"\n                    width=\"240\"\n                    height=\"160\"\n                    style=\"max-width:100%;\"\n                \/>\n            <\/a>\n        <\/div>\n\t\t\t\t\t\t\t<\/div> \n\t\t\t\n\t\t\t\t<div id=\"ngg-image-5\" class=\"ngg-gallery-thumbnail-box \" >\n\t\t\t\t        <div class=\"ngg-gallery-thumbnail\">\n            <a href=\"https:\/\/muzeum.brzozow.pl\/wp-content\/gallery\/figurajerzy-1\/DSC_0556-scaled.jpg\"\n               title=\"\"\n               data-src=\"https:\/\/muzeum.brzozow.pl\/wp-content\/gallery\/figurajerzy-1\/DSC_0556-scaled.jpg\"\n               data-thumbnail=\"https:\/\/muzeum.brzozow.pl\/wp-content\/gallery\/figurajerzy-1\/thumbs\/thumbs_DSC_0556-scaled.jpg\"\n               data-image-id=\"579\"\n               data-title=\"DSC_0556-scaled\"\n               data-description=\"\"\n               data-image-slug=\"dsc_0556-scaled\"\n               class=\"ngg-simplelightbox\" rel=\"dfb1c49e8bd7cd2cd1eb5e01e921ea1b\">\n                <img\n                    title=\"DSC_0556-scaled\"\n                    alt=\"DSC_0556-scaled\"\n                    src=\"https:\/\/muzeum.brzozow.pl\/wp-content\/gallery\/figurajerzy-1\/thumbs\/thumbs_DSC_0556-scaled.jpg\"\n                    width=\"240\"\n                    height=\"160\"\n                    style=\"max-width:100%;\"\n                \/>\n            <\/a>\n        <\/div>\n\t\t\t\t\t\t\t<\/div> \n\t\t\t\n\t\t\t\t<div id=\"ngg-image-6\" class=\"ngg-gallery-thumbnail-box \" >\n\t\t\t\t        <div class=\"ngg-gallery-thumbnail\">\n            <a href=\"https:\/\/muzeum.brzozow.pl\/wp-content\/gallery\/figurajerzy-1\/DSC_0548-scaled.jpg\"\n               title=\"\"\n               data-src=\"https:\/\/muzeum.brzozow.pl\/wp-content\/gallery\/figurajerzy-1\/DSC_0548-scaled.jpg\"\n               data-thumbnail=\"https:\/\/muzeum.brzozow.pl\/wp-content\/gallery\/figurajerzy-1\/thumbs\/thumbs_DSC_0548-scaled.jpg\"\n               data-image-id=\"578\"\n               data-title=\"DSC_0548-scaled\"\n               data-description=\"\"\n               data-image-slug=\"dsc_0548-scaled\"\n               class=\"ngg-simplelightbox\" rel=\"dfb1c49e8bd7cd2cd1eb5e01e921ea1b\">\n                <img\n                    title=\"DSC_0548-scaled\"\n                    alt=\"DSC_0548-scaled\"\n                    src=\"https:\/\/muzeum.brzozow.pl\/wp-content\/gallery\/figurajerzy-1\/thumbs\/thumbs_DSC_0548-scaled.jpg\"\n                    width=\"240\"\n                    height=\"160\"\n                    style=\"max-width:100%;\"\n                \/>\n            <\/a>\n        <\/div>\n\t\t\t\t\t\t\t<\/div> \n\t\t\t\n\t\t\t\t<div id=\"ngg-image-7\" class=\"ngg-gallery-thumbnail-box \" >\n\t\t\t\t        <div class=\"ngg-gallery-thumbnail\">\n            <a href=\"https:\/\/muzeum.brzozow.pl\/wp-content\/gallery\/figurajerzy-1\/DSC_0543-scaled.jpg\"\n               title=\"\"\n               data-src=\"https:\/\/muzeum.brzozow.pl\/wp-content\/gallery\/figurajerzy-1\/DSC_0543-scaled.jpg\"\n               data-thumbnail=\"https:\/\/muzeum.brzozow.pl\/wp-content\/gallery\/figurajerzy-1\/thumbs\/thumbs_DSC_0543-scaled.jpg\"\n               data-image-id=\"577\"\n               data-title=\"DSC_0543-scaled\"\n               data-description=\"\"\n               data-image-slug=\"dsc_0543-scaled\"\n               class=\"ngg-simplelightbox\" rel=\"dfb1c49e8bd7cd2cd1eb5e01e921ea1b\">\n                <img\n                    title=\"DSC_0543-scaled\"\n                    alt=\"DSC_0543-scaled\"\n                    src=\"https:\/\/muzeum.brzozow.pl\/wp-content\/gallery\/figurajerzy-1\/thumbs\/thumbs_DSC_0543-scaled.jpg\"\n                    width=\"240\"\n                    height=\"160\"\n                    style=\"max-width:100%;\"\n                \/>\n            <\/a>\n        <\/div>\n\t\t\t\t\t\t\t<\/div> \n\t\t\t\n\t\t\t\t<div id=\"ngg-image-8\" class=\"ngg-gallery-thumbnail-box \" >\n\t\t\t\t        <div class=\"ngg-gallery-thumbnail\">\n            <a href=\"https:\/\/muzeum.brzozow.pl\/wp-content\/gallery\/figurajerzy-1\/DSC_0532-scaled.jpg\"\n               title=\"\"\n               data-src=\"https:\/\/muzeum.brzozow.pl\/wp-content\/gallery\/figurajerzy-1\/DSC_0532-scaled.jpg\"\n               data-thumbnail=\"https:\/\/muzeum.brzozow.pl\/wp-content\/gallery\/figurajerzy-1\/thumbs\/thumbs_DSC_0532-scaled.jpg\"\n               data-image-id=\"576\"\n               data-title=\"DSC_0532-scaled\"\n               data-description=\"\"\n               data-image-slug=\"dsc_0532-scaled\"\n               class=\"ngg-simplelightbox\" rel=\"dfb1c49e8bd7cd2cd1eb5e01e921ea1b\">\n                <img\n                    title=\"DSC_0532-scaled\"\n                    alt=\"DSC_0532-scaled\"\n                    src=\"https:\/\/muzeum.brzozow.pl\/wp-content\/gallery\/figurajerzy-1\/thumbs\/thumbs_DSC_0532-scaled.jpg\"\n                    width=\"240\"\n                    height=\"160\"\n                    style=\"max-width:100%;\"\n                \/>\n            <\/a>\n        <\/div>\n\t\t\t\t\t\t\t<\/div> \n\t\t\t\n\t\t\t\t<div id=\"ngg-image-9\" class=\"ngg-gallery-thumbnail-box \" >\n\t\t\t\t        <div class=\"ngg-gallery-thumbnail\">\n            <a href=\"https:\/\/muzeum.brzozow.pl\/wp-content\/gallery\/figurajerzy-1\/DSC_0525-scaled.jpg\"\n               title=\"\"\n               data-src=\"https:\/\/muzeum.brzozow.pl\/wp-content\/gallery\/figurajerzy-1\/DSC_0525-scaled.jpg\"\n               data-thumbnail=\"https:\/\/muzeum.brzozow.pl\/wp-content\/gallery\/figurajerzy-1\/thumbs\/thumbs_DSC_0525-scaled.jpg\"\n               data-image-id=\"575\"\n               data-title=\"DSC_0525-scaled\"\n               data-description=\"\"\n               data-image-slug=\"dsc_0525-scaled\"\n               class=\"ngg-simplelightbox\" rel=\"dfb1c49e8bd7cd2cd1eb5e01e921ea1b\">\n                <img\n                    title=\"DSC_0525-scaled\"\n                    alt=\"DSC_0525-scaled\"\n                    src=\"https:\/\/muzeum.brzozow.pl\/wp-content\/gallery\/figurajerzy-1\/thumbs\/thumbs_DSC_0525-scaled.jpg\"\n                    width=\"240\"\n                    height=\"160\"\n                    style=\"max-width:100%;\"\n                \/>\n            <\/a>\n        <\/div>\n\t\t\t\t\t\t\t<\/div> \n\t\t\t\n\t\t\t\t<div id=\"ngg-image-10\" class=\"ngg-gallery-thumbnail-box \" >\n\t\t\t\t        <div class=\"ngg-gallery-thumbnail\">\n            <a href=\"https:\/\/muzeum.brzozow.pl\/wp-content\/gallery\/figurajerzy-1\/DSC_0515-scaled.jpg\"\n               title=\"\"\n               data-src=\"https:\/\/muzeum.brzozow.pl\/wp-content\/gallery\/figurajerzy-1\/DSC_0515-scaled.jpg\"\n               data-thumbnail=\"https:\/\/muzeum.brzozow.pl\/wp-content\/gallery\/figurajerzy-1\/thumbs\/thumbs_DSC_0515-scaled.jpg\"\n               data-image-id=\"574\"\n               data-title=\"DSC_0515-scaled\"\n               data-description=\"\"\n               data-image-slug=\"dsc_0515-scaled\"\n               class=\"ngg-simplelightbox\" rel=\"dfb1c49e8bd7cd2cd1eb5e01e921ea1b\">\n                <img\n                    title=\"DSC_0515-scaled\"\n                    alt=\"DSC_0515-scaled\"\n                    src=\"https:\/\/muzeum.brzozow.pl\/wp-content\/gallery\/figurajerzy-1\/thumbs\/thumbs_DSC_0515-scaled.jpg\"\n                    width=\"240\"\n                    height=\"160\"\n                    style=\"max-width:100%;\"\n                \/>\n            <\/a>\n        <\/div>\n\t\t\t\t\t\t\t<\/div> \n\t\t\t\n\t\t\t\t<div id=\"ngg-image-11\" class=\"ngg-gallery-thumbnail-box \" >\n\t\t\t\t        <div class=\"ngg-gallery-thumbnail\">\n            <a href=\"https:\/\/muzeum.brzozow.pl\/wp-content\/gallery\/figurajerzy-1\/DSC_0508-scaled.jpg\"\n               title=\"\"\n               data-src=\"https:\/\/muzeum.brzozow.pl\/wp-content\/gallery\/figurajerzy-1\/DSC_0508-scaled.jpg\"\n               data-thumbnail=\"https:\/\/muzeum.brzozow.pl\/wp-content\/gallery\/figurajerzy-1\/thumbs\/thumbs_DSC_0508-scaled.jpg\"\n               data-image-id=\"573\"\n               data-title=\"DSC_0508-scaled\"\n               data-description=\"\"\n               data-image-slug=\"dsc_0508-scaled\"\n               class=\"ngg-simplelightbox\" rel=\"dfb1c49e8bd7cd2cd1eb5e01e921ea1b\">\n                <img\n                    title=\"DSC_0508-scaled\"\n                    alt=\"DSC_0508-scaled\"\n                    src=\"https:\/\/muzeum.brzozow.pl\/wp-content\/gallery\/figurajerzy-1\/thumbs\/thumbs_DSC_0508-scaled.jpg\"\n                    width=\"240\"\n                    height=\"160\"\n                    style=\"max-width:100%;\"\n                \/>\n            <\/a>\n        <\/div>\n\t\t\t\t\t\t\t<\/div> \n\t\t\t\n\t\t\t\t<div id=\"ngg-image-12\" class=\"ngg-gallery-thumbnail-box \" >\n\t\t\t\t        <div class=\"ngg-gallery-thumbnail\">\n            <a href=\"https:\/\/muzeum.brzozow.pl\/wp-content\/gallery\/figurajerzy-1\/DSC_0484-scaled.jpg\"\n               title=\"\"\n               data-src=\"https:\/\/muzeum.brzozow.pl\/wp-content\/gallery\/figurajerzy-1\/DSC_0484-scaled.jpg\"\n               data-thumbnail=\"https:\/\/muzeum.brzozow.pl\/wp-content\/gallery\/figurajerzy-1\/thumbs\/thumbs_DSC_0484-scaled.jpg\"\n               data-image-id=\"572\"\n               data-title=\"DSC_0484-scaled\"\n               data-description=\"\"\n               data-image-slug=\"dsc_0484-scaled\"\n               class=\"ngg-simplelightbox\" rel=\"dfb1c49e8bd7cd2cd1eb5e01e921ea1b\">\n                <img\n                    title=\"DSC_0484-scaled\"\n                    alt=\"DSC_0484-scaled\"\n                    src=\"https:\/\/muzeum.brzozow.pl\/wp-content\/gallery\/figurajerzy-1\/thumbs\/thumbs_DSC_0484-scaled.jpg\"\n                    width=\"240\"\n                    height=\"160\"\n                    style=\"max-width:100%;\"\n                \/>\n            <\/a>\n        <\/div>\n\t\t\t\t\t\t\t<\/div> \n\t\t\t\n\t\t\t\t<div id=\"ngg-image-13\" class=\"ngg-gallery-thumbnail-box \" >\n\t\t\t\t        <div class=\"ngg-gallery-thumbnail\">\n            <a href=\"https:\/\/muzeum.brzozow.pl\/wp-content\/gallery\/figurajerzy-1\/DSC_0303-scaled.jpg\"\n               title=\"\"\n               data-src=\"https:\/\/muzeum.brzozow.pl\/wp-content\/gallery\/figurajerzy-1\/DSC_0303-scaled.jpg\"\n               data-thumbnail=\"https:\/\/muzeum.brzozow.pl\/wp-content\/gallery\/figurajerzy-1\/thumbs\/thumbs_DSC_0303-scaled.jpg\"\n               data-image-id=\"559\"\n               data-title=\"DSC_0303-scaled\"\n               data-description=\"\"\n               data-image-slug=\"dsc_0303-scaled\"\n               class=\"ngg-simplelightbox\" rel=\"dfb1c49e8bd7cd2cd1eb5e01e921ea1b\">\n                <img\n                    title=\"DSC_0303-scaled\"\n                    alt=\"DSC_0303-scaled\"\n                    src=\"https:\/\/muzeum.brzozow.pl\/wp-content\/gallery\/figurajerzy-1\/thumbs\/thumbs_DSC_0303-scaled.jpg\"\n                    width=\"240\"\n                    height=\"160\"\n                    style=\"max-width:100%;\"\n                \/>\n            <\/a>\n        <\/div>\n\t\t\t\t\t\t\t<\/div> \n\t\t\t\n\t\t\t\t<div id=\"ngg-image-14\" class=\"ngg-gallery-thumbnail-box \" >\n\t\t\t\t        <div class=\"ngg-gallery-thumbnail\">\n            <a href=\"https:\/\/muzeum.brzozow.pl\/wp-content\/gallery\/figurajerzy-1\/DSC_0463-scaled.jpg\"\n               title=\"\"\n               data-src=\"https:\/\/muzeum.brzozow.pl\/wp-content\/gallery\/figurajerzy-1\/DSC_0463-scaled.jpg\"\n               data-thumbnail=\"https:\/\/muzeum.brzozow.pl\/wp-content\/gallery\/figurajerzy-1\/thumbs\/thumbs_DSC_0463-scaled.jpg\"\n               data-image-id=\"570\"\n               data-title=\"DSC_0463-scaled\"\n               data-description=\"\"\n               data-image-slug=\"dsc_0463-scaled\"\n               class=\"ngg-simplelightbox\" rel=\"dfb1c49e8bd7cd2cd1eb5e01e921ea1b\">\n                <img\n                    title=\"DSC_0463-scaled\"\n                    alt=\"DSC_0463-scaled\"\n                    src=\"https:\/\/muzeum.brzozow.pl\/wp-content\/gallery\/figurajerzy-1\/thumbs\/thumbs_DSC_0463-scaled.jpg\"\n                    width=\"240\"\n                    height=\"160\"\n                    style=\"max-width:100%;\"\n                \/>\n            <\/a>\n        <\/div>\n\t\t\t\t\t\t\t<\/div> \n\t\t\t\n\t\t\t\t<div id=\"ngg-image-15\" class=\"ngg-gallery-thumbnail-box \" >\n\t\t\t\t        <div class=\"ngg-gallery-thumbnail\">\n            <a href=\"https:\/\/muzeum.brzozow.pl\/wp-content\/gallery\/figurajerzy-1\/DSC_0456-scaled.jpg\"\n               title=\"\"\n               data-src=\"https:\/\/muzeum.brzozow.pl\/wp-content\/gallery\/figurajerzy-1\/DSC_0456-scaled.jpg\"\n               data-thumbnail=\"https:\/\/muzeum.brzozow.pl\/wp-content\/gallery\/figurajerzy-1\/thumbs\/thumbs_DSC_0456-scaled.jpg\"\n               data-image-id=\"569\"\n               data-title=\"DSC_0456-scaled\"\n               data-description=\"\"\n               data-image-slug=\"dsc_0456-scaled\"\n               class=\"ngg-simplelightbox\" rel=\"dfb1c49e8bd7cd2cd1eb5e01e921ea1b\">\n                <img\n                    title=\"DSC_0456-scaled\"\n                    alt=\"DSC_0456-scaled\"\n                    src=\"https:\/\/muzeum.brzozow.pl\/wp-content\/gallery\/figurajerzy-1\/thumbs\/thumbs_DSC_0456-scaled.jpg\"\n                    width=\"240\"\n                    height=\"160\"\n                    style=\"max-width:100%;\"\n                \/>\n            <\/a>\n        <\/div>\n\t\t\t\t\t\t\t<\/div> \n\t\t\t\n\t\t\t\t<div id=\"ngg-image-16\" class=\"ngg-gallery-thumbnail-box \" >\n\t\t\t\t        <div class=\"ngg-gallery-thumbnail\">\n            <a href=\"https:\/\/muzeum.brzozow.pl\/wp-content\/gallery\/figurajerzy-1\/DSC_0417-scaled.jpg\"\n               title=\"\"\n               data-src=\"https:\/\/muzeum.brzozow.pl\/wp-content\/gallery\/figurajerzy-1\/DSC_0417-scaled.jpg\"\n               data-thumbnail=\"https:\/\/muzeum.brzozow.pl\/wp-content\/gallery\/figurajerzy-1\/thumbs\/thumbs_DSC_0417-scaled.jpg\"\n               data-image-id=\"568\"\n               data-title=\"DSC_0417-scaled\"\n               data-description=\"\"\n               data-image-slug=\"dsc_0417-scaled\"\n               class=\"ngg-simplelightbox\" rel=\"dfb1c49e8bd7cd2cd1eb5e01e921ea1b\">\n                <img\n                    title=\"DSC_0417-scaled\"\n                    alt=\"DSC_0417-scaled\"\n                    src=\"https:\/\/muzeum.brzozow.pl\/wp-content\/gallery\/figurajerzy-1\/thumbs\/thumbs_DSC_0417-scaled.jpg\"\n                    width=\"240\"\n                    height=\"160\"\n                    style=\"max-width:100%;\"\n                \/>\n            <\/a>\n        <\/div>\n\t\t\t\t\t\t\t<\/div> \n\t\t\t\n\t\t\t\t<div id=\"ngg-image-17\" class=\"ngg-gallery-thumbnail-box \" >\n\t\t\t\t        <div class=\"ngg-gallery-thumbnail\">\n            <a href=\"https:\/\/muzeum.brzozow.pl\/wp-content\/gallery\/figurajerzy-1\/DSC_0414-scaled.jpg\"\n               title=\"\"\n               data-src=\"https:\/\/muzeum.brzozow.pl\/wp-content\/gallery\/figurajerzy-1\/DSC_0414-scaled.jpg\"\n               data-thumbnail=\"https:\/\/muzeum.brzozow.pl\/wp-content\/gallery\/figurajerzy-1\/thumbs\/thumbs_DSC_0414-scaled.jpg\"\n               data-image-id=\"567\"\n               data-title=\"DSC_0414-scaled\"\n               data-description=\"\"\n               data-image-slug=\"dsc_0414-scaled\"\n               class=\"ngg-simplelightbox\" rel=\"dfb1c49e8bd7cd2cd1eb5e01e921ea1b\">\n                <img\n                    title=\"DSC_0414-scaled\"\n                    alt=\"DSC_0414-scaled\"\n                    src=\"https:\/\/muzeum.brzozow.pl\/wp-content\/gallery\/figurajerzy-1\/thumbs\/thumbs_DSC_0414-scaled.jpg\"\n                    width=\"240\"\n                    height=\"160\"\n                    style=\"max-width:100%;\"\n                \/>\n            <\/a>\n        <\/div>\n\t\t\t\t\t\t\t<\/div> \n\t\t\t\n\t\t\t\t<div id=\"ngg-image-18\" class=\"ngg-gallery-thumbnail-box \" >\n\t\t\t\t        <div class=\"ngg-gallery-thumbnail\">\n            <a href=\"https:\/\/muzeum.brzozow.pl\/wp-content\/gallery\/figurajerzy-1\/DSC_0395-scaled.jpg\"\n               title=\"\"\n               data-src=\"https:\/\/muzeum.brzozow.pl\/wp-content\/gallery\/figurajerzy-1\/DSC_0395-scaled.jpg\"\n               data-thumbnail=\"https:\/\/muzeum.brzozow.pl\/wp-content\/gallery\/figurajerzy-1\/thumbs\/thumbs_DSC_0395-scaled.jpg\"\n               data-image-id=\"566\"\n               data-title=\"DSC_0395-scaled\"\n               data-description=\"\"\n               data-image-slug=\"dsc_0395-scaled\"\n               class=\"ngg-simplelightbox\" rel=\"dfb1c49e8bd7cd2cd1eb5e01e921ea1b\">\n                <img\n                    title=\"DSC_0395-scaled\"\n                    alt=\"DSC_0395-scaled\"\n                    src=\"https:\/\/muzeum.brzozow.pl\/wp-content\/gallery\/figurajerzy-1\/thumbs\/thumbs_DSC_0395-scaled.jpg\"\n                    width=\"240\"\n                    height=\"160\"\n                    style=\"max-width:100%;\"\n                \/>\n            <\/a>\n        <\/div>\n\t\t\t\t\t\t\t<\/div> \n\t\t\t\n\t\t\t\t<div id=\"ngg-image-19\" class=\"ngg-gallery-thumbnail-box \" >\n\t\t\t\t        <div class=\"ngg-gallery-thumbnail\">\n            <a href=\"https:\/\/muzeum.brzozow.pl\/wp-content\/gallery\/figurajerzy-1\/DSC_0385-scaled.jpg\"\n               title=\"\"\n               data-src=\"https:\/\/muzeum.brzozow.pl\/wp-content\/gallery\/figurajerzy-1\/DSC_0385-scaled.jpg\"\n               data-thumbnail=\"https:\/\/muzeum.brzozow.pl\/wp-content\/gallery\/figurajerzy-1\/thumbs\/thumbs_DSC_0385-scaled.jpg\"\n               data-image-id=\"565\"\n               data-title=\"DSC_0385-scaled\"\n               data-description=\"\"\n               data-image-slug=\"dsc_0385-scaled\"\n               class=\"ngg-simplelightbox\" rel=\"dfb1c49e8bd7cd2cd1eb5e01e921ea1b\">\n                <img\n                    title=\"DSC_0385-scaled\"\n                    alt=\"DSC_0385-scaled\"\n                    src=\"https:\/\/muzeum.brzozow.pl\/wp-content\/gallery\/figurajerzy-1\/thumbs\/thumbs_DSC_0385-scaled.jpg\"\n                    width=\"240\"\n                    height=\"160\"\n                    style=\"max-width:100%;\"\n                \/>\n            <\/a>\n        <\/div>\n\t\t\t\t\t\t\t<\/div> \n\t\t\t\n\t\t\t\t<div id=\"ngg-image-20\" class=\"ngg-gallery-thumbnail-box \" >\n\t\t\t\t        <div class=\"ngg-gallery-thumbnail\">\n            <a href=\"https:\/\/muzeum.brzozow.pl\/wp-content\/gallery\/figurajerzy-1\/DSC_0380-scaled.jpg\"\n               title=\"\"\n               data-src=\"https:\/\/muzeum.brzozow.pl\/wp-content\/gallery\/figurajerzy-1\/DSC_0380-scaled.jpg\"\n               data-thumbnail=\"https:\/\/muzeum.brzozow.pl\/wp-content\/gallery\/figurajerzy-1\/thumbs\/thumbs_DSC_0380-scaled.jpg\"\n               data-image-id=\"564\"\n               data-title=\"DSC_0380-scaled\"\n               data-description=\"\"\n               data-image-slug=\"dsc_0380-scaled\"\n               class=\"ngg-simplelightbox\" rel=\"dfb1c49e8bd7cd2cd1eb5e01e921ea1b\">\n                <img\n                    title=\"DSC_0380-scaled\"\n                    alt=\"DSC_0380-scaled\"\n                    src=\"https:\/\/muzeum.brzozow.pl\/wp-content\/gallery\/figurajerzy-1\/thumbs\/thumbs_DSC_0380-scaled.jpg\"\n                    width=\"240\"\n                    height=\"160\"\n                    style=\"max-width:100%;\"\n                \/>\n            <\/a>\n        <\/div>\n\t\t\t\t\t\t\t<\/div> \n\t\t\t\n\t\t\t\t<div id=\"ngg-image-21\" class=\"ngg-gallery-thumbnail-box \" >\n\t\t\t\t        <div class=\"ngg-gallery-thumbnail\">\n            <a href=\"https:\/\/muzeum.brzozow.pl\/wp-content\/gallery\/figurajerzy-1\/DSC_0356-scaled.jpg\"\n               title=\"\"\n               data-src=\"https:\/\/muzeum.brzozow.pl\/wp-content\/gallery\/figurajerzy-1\/DSC_0356-scaled.jpg\"\n               data-thumbnail=\"https:\/\/muzeum.brzozow.pl\/wp-content\/gallery\/figurajerzy-1\/thumbs\/thumbs_DSC_0356-scaled.jpg\"\n               data-image-id=\"563\"\n               data-title=\"DSC_0356-scaled\"\n               data-description=\"\"\n               data-image-slug=\"dsc_0356-scaled\"\n               class=\"ngg-simplelightbox\" rel=\"dfb1c49e8bd7cd2cd1eb5e01e921ea1b\">\n                <img\n                    title=\"DSC_0356-scaled\"\n                    alt=\"DSC_0356-scaled\"\n                    src=\"https:\/\/muzeum.brzozow.pl\/wp-content\/gallery\/figurajerzy-1\/thumbs\/thumbs_DSC_0356-scaled.jpg\"\n                    width=\"240\"\n                    height=\"160\"\n                    style=\"max-width:100%;\"\n                \/>\n            <\/a>\n        <\/div>\n\t\t\t\t\t\t\t<\/div> \n\t\t\t\n\t\t\t\t<div id=\"ngg-image-22\" class=\"ngg-gallery-thumbnail-box \" >\n\t\t\t\t        <div class=\"ngg-gallery-thumbnail\">\n            <a href=\"https:\/\/muzeum.brzozow.pl\/wp-content\/gallery\/figurajerzy-1\/DSC_0332-scaled.jpg\"\n               title=\"\"\n               data-src=\"https:\/\/muzeum.brzozow.pl\/wp-content\/gallery\/figurajerzy-1\/DSC_0332-scaled.jpg\"\n               data-thumbnail=\"https:\/\/muzeum.brzozow.pl\/wp-content\/gallery\/figurajerzy-1\/thumbs\/thumbs_DSC_0332-scaled.jpg\"\n               data-image-id=\"562\"\n               data-title=\"DSC_0332-scaled\"\n               data-description=\"\"\n               data-image-slug=\"dsc_0332-scaled\"\n               class=\"ngg-simplelightbox\" rel=\"dfb1c49e8bd7cd2cd1eb5e01e921ea1b\">\n                <img\n                    title=\"DSC_0332-scaled\"\n                    alt=\"DSC_0332-scaled\"\n                    src=\"https:\/\/muzeum.brzozow.pl\/wp-content\/gallery\/figurajerzy-1\/thumbs\/thumbs_DSC_0332-scaled.jpg\"\n                    width=\"240\"\n                    height=\"160\"\n                    style=\"max-width:100%;\"\n                \/>\n            <\/a>\n        <\/div>\n\t\t\t\t\t\t\t<\/div> \n\t\t\t\n\t\t\t\t<div id=\"ngg-image-23\" class=\"ngg-gallery-thumbnail-box \" >\n\t\t\t\t        <div class=\"ngg-gallery-thumbnail\">\n            <a href=\"https:\/\/muzeum.brzozow.pl\/wp-content\/gallery\/figurajerzy-1\/DSC_0329-scaled.jpg\"\n               title=\"\"\n               data-src=\"https:\/\/muzeum.brzozow.pl\/wp-content\/gallery\/figurajerzy-1\/DSC_0329-scaled.jpg\"\n               data-thumbnail=\"https:\/\/muzeum.brzozow.pl\/wp-content\/gallery\/figurajerzy-1\/thumbs\/thumbs_DSC_0329-scaled.jpg\"\n               data-image-id=\"561\"\n               data-title=\"DSC_0329-scaled\"\n               data-description=\"\"\n               data-image-slug=\"dsc_0329-scaled\"\n               class=\"ngg-simplelightbox\" rel=\"dfb1c49e8bd7cd2cd1eb5e01e921ea1b\">\n                <img\n                    title=\"DSC_0329-scaled\"\n                    alt=\"DSC_0329-scaled\"\n                    src=\"https:\/\/muzeum.brzozow.pl\/wp-content\/gallery\/figurajerzy-1\/thumbs\/thumbs_DSC_0329-scaled.jpg\"\n                    width=\"240\"\n                    height=\"160\"\n                    style=\"max-width:100%;\"\n                \/>\n            <\/a>\n        <\/div>\n\t\t\t\t\t\t\t<\/div> \n\t\t\t\n\t\n\t<br style=\"clear: both\" \/>\n\n\t\n\t\t<!-- Pagination -->\n\t<div class='ngg-navigation'><span class='current'>1<\/span>\n<a class='page-numbers' data-pageid='2' href='https:\/\/muzeum.brzozow.pl\/index.php\/nggallery\/page\/2?p=6363'>2<\/a>\n<a class='prev' href='https:\/\/muzeum.brzozow.pl\/index.php\/nggallery\/page\/2?p=6363' data-pageid=2>&#9658;<\/a><\/div>\t<\/div>\n\n","protected":false},"excerpt":{"rendered":"<p>W sobotnie popo\u0142udnie, 8 pa\u017adziernika<\/p>\n","protected":false},"author":1,"featured_media":6389,"comment_status":"open","ping_status":"open","sticky":false,"template":"","format":"standard","meta":{"ngg_post_thumbnail":0},"categories":[1],"tags":[],"_links":{"self":[{"href":"https:\/\/muzeum.brzozow.pl\/index.php?rest_route=\/wp\/v2\/posts\/6363"}],"collection":[{"href":"https:\/\/muzeum.brzozow.pl\/index.php?rest_route=\/wp\/v2\/posts"}],"about":[{"href":"https:\/\/muzeum.brzozow.pl\/index.php?rest_route=\/wp\/v2\/types\/post"}],"author":[{"embeddable":true,"href":"https:\/\/muzeum.brzozow.pl\/index.php?rest_route=\/wp\/v2\/users\/1"}],"replies":[{"embeddable":true,"href":"https:\/\/muzeum.brzozow.pl\/index.php?rest_route=%2Fwp%2Fv2%2Fcomments&post=6363"}],"version-history":[{"count":3,"href":"https:\/\/muzeum.brzozow.pl\/index.php?rest_route=\/wp\/v2\/posts\/6363\/revisions"}],"predecessor-version":[{"id":6458,"href":"https:\/\/muzeum.brzozow.pl\/index.php?rest_route=\/wp\/v2\/posts\/6363\/revisions\/6458"}],"wp:featuredmedia":[{"embeddable":true,"href":"https:\/\/muzeum.brzozow.pl\/index.php?rest_route=\/wp\/v2\/media\/6389"}],"wp:attachment":[{"href":"https:\/\/muzeum.brzozow.pl\/index.php?rest_route=%2Fwp%2Fv2%2Fmedia&parent=6363"}],"wp:term":[{"taxonomy":"category","embeddable":true,"href":"https:\/\/muzeum.brzozow.pl\/index.php?rest_route=%2Fwp%2Fv2%2Fcategories&post=6363"},{"taxonomy":"post_tag","embeddable":true,"href":"https:\/\/muzeum.brzozow.pl\/index.php?rest_route=%2Fwp%2Fv2%2Ftags&post=6363"}],"curies":[{"name":"wp","href":"https:\/\/api.w.org\/{rel}","templated":true}]}}