{"id":4674,"date":"2021-03-05T14:29:23","date_gmt":"2021-03-05T13:29:23","guid":{"rendered":"http:\/\/muzeum.brzozow.pl\/?p=4674"},"modified":"2021-03-09T12:42:41","modified_gmt":"2021-03-09T11:42:41","slug":"zdzislaw-twardowski-malarstwo","status":"publish","type":"post","link":"https:\/\/muzeum.brzozow.pl\/?p=4674","title":{"rendered":"ZDZIS\u0141AW TWARDOWSKI &#8211; malarstwo"},"content":{"rendered":"\n<p class=\"has-drop-cap\">Zdzis\u0142aw Twardowski, ur. w 1955 r. w Mrozowie k. Wroc\u0142awia. Od lat mieszka w Sanoku, gdzie prowadzi w\u0142asn\u0105 autorsk\u0105 pracowni\u0119 oraz warsztaty malarskie dla doros\u0142ych i m\u0142odzie\u017cy. Uczestniczy w plenerach krajowych i zagranicznych. Jest organizatorem wielu imprez artystycznych w Polsce, na S\u0142owacji i W\u0119grzech. Uko\u0144czy\u0142 studia na Wydziale Artystycznym UMCS w Lublinie, gdzie w 2002 r. otrzyma\u0142 dyplom z malarstwa w pracowni prof. Mieczys\u0142awa Hermana. Tworzy g\u0142\u00f3wnie w&nbsp;technice olejnej. Jego prace mo\u017cna ogl\u0105da\u0107 w wielu galeriach krajowych, s\u0105 r\u00f3wnie\u017c ch\u0119tnie nabywane przez zagranicznych mi\u0142o\u015bnik\u00f3w sztuki.<\/p>\n\n\n\n<p>Stanis\u0142aw W\u00f3jtowicz tak wyra\u017ca si\u0119 o malarstwie artysty:<\/p>\n\n\n\n<blockquote class=\"wp-block-quote\"><p><\/p><cite>&#8222;W uj\u0119ciu formalnym to klasyczne horyzontalne kompozycje pasowe (uk\u0142ad znany z najstarszych zabytk\u00f3w sztuki egipskiej), rzadziej diagonalne, z wyra\u017anie rozdzielaj\u0105c\u0105 lini\u0105 horyzontu, malowane szerokim p\u0119dzlem lub szpachl\u0105 z charakterystycznymi efektami ich u\u017cycia (faktura, zanikanie farby). Kolorystyka obraz\u00f3w jest wyr\u00f3wnana, dominuj\u0105 w niej zimne zielenie lub ciep\u0142e odcienie br\u0105zu. Artysta wyra\u017anie nie jest zainteresowany eksponowaniem detali, nie szukajmy wi\u0119c \u201eanatomii chmury\u201d, musi nam wystarczy\u0107 jej reprezentacja.<br>Malarstwo nie istnieje bez \u015bwiat\u0142a. W obrazach Zdzis\u0142awa Twardowskiego jego obecno\u015b\u0107 nie jest uparcie natarczywa, \u015bwiat\u0142o raczej \u0142owi cienie ni\u017c je tworzy, r\u00f3wnomiernie rozproszone w nieco zamglonej przestrzeni. To sugestia, \u017ce artyst\u0119 zajmuje wsp\u00f3\u0142zale\u017cno\u015b\u0107 mi\u0119dzy \u015bwiat\u0142em, mrokiem w konkretnej chwili.<br>Ka\u017cdy obraz jest wielowarstwow\u0105 olejn\u0105 struktur\u0105, kt\u00f3rej pocz\u0105tkiem jest og\u00f3lny zarys kompozycji, zwykle wykonany akrylem. Droga do ostatecznej syntezy prowadzi przez drobiazgowe zamalowywanie i ods\u0142anianie, kszta\u0142towanie pojedynczych plam, nadawanie barwom odpowiednich odcieni i ustalanie wzajemnego oddzia\u0142ywania wi\u0119kszych cz\u0119\u015bci obrazu. Zdaniem artysty, bardziej jest to rezultat umiej\u0119tno\u015bci ni\u017c natchnienia, kt\u00f3re definiuje jako zbieg sprzyjaj\u0105cych okoliczno\u015bci&#8221;.<\/cite><\/blockquote>\n\n\n\n<p>Zdzis\u0142aw Twardowski w swoim dorobku artystycznym ma uznane pejza\u017ce olejne, dzie\u0142a portretowe i liczne pastele, w kt\u00f3rych dominuje kameralne, nastrojowe uj\u0119cie tematu.<\/p>\n\n\n\n<figure class=\"wp-block-embed is-type-video is-provider-youtube wp-block-embed-youtube wp-embed-aspect-16-9 wp-has-aspect-ratio\"><div class=\"wp-block-embed__wrapper\">\n<iframe title=\"Wystawa malarstwa Zdzis\u0142awa Twardowskiego w Muzeum Regionalnym im. A. Fastnachta w Brzozowie.\" width=\"910\" height=\"512\" src=\"https:\/\/www.youtube.com\/embed\/f-quVMtpgAU?feature=oembed\" frameborder=\"0\" allow=\"accelerometer; autoplay; clipboard-write; encrypted-media; gyroscope; picture-in-picture\" allowfullscreen><\/iframe>\n<\/div><\/figure>\n\n\n\n<p class=\"has-drop-cap\">W ubieg\u0142\u0105 sobot\u0119 (06.03.2021 r.) w naszym muzeum mia\u0142 miejsce wernisa\u017c wystawy malarstwa olejnego &#8211; ostatniej wystawy na Podkarpaciu, kt\u00f3rej tw\u00f3rc\u0105 jest Zdzis\u0142aw Twardowski &#8211; artysta malarz mieszkaj\u0105cy w Sanoku. Autor postanowi\u0142 wr\u00f3ci\u0107 w okolice Wroc\u0142awia, sk\u0105d pochodzi, st\u0105d wystawa ta jest po\u017cegnaniem z Sanokiem i regionem, z kt\u00f3rym zwi\u0105zany by\u0142 przez ostatnie 35 lat. Nasz go\u015b\u0107 wieczoru w swoim dorobku posiada liczne pejza\u017ce olejne, obiekty architektury drewnianej i portrety. Uko\u0144czy\u0142 studia na Wydziale Artystycznym UMCS w Lublinie, gdzie uzyska\u0142 dyplom z malarstwa w pracowni prof. Mieczys\u0142awa Hermana. Przez wiele lat pracowa\u0142 jako instruktor plastyk w sanockich domach kultury: Puchatku i Gagatku. Po 17 latach przygody z domami kultury za\u0142o\u017cy\u0142 w\u0142asn\u0105 pracowni\u0119, w kt\u00f3rej powsta\u0142o wiele prac znajduj\u0105cych si\u0119 obecnie w zbiorach prywatnych, galeriach krajowych i zagranicznych. Uczestniczy\u0142 w wielu plenerach i wystawach poplenerowych zagranicznych (np. S\u0142owacja, Rumunia, W\u0119gry) i krajowych min. w Kazimierzu Dolnym, Zamo\u015bciu, Jaros\u0142awiu i Bieczu. Na wystawie mamy jego 34 prace. Zwi\u0105zki artysty z brzozowsk\u0105 plac\u00f3wk\u0105 muzealn\u0105, przypomnia\u0142a dyrektor Agnieszka Adamska.Spotkanie uatrakcyjni\u0142 minikoncert si\u00f3str Martyny i Amelki Sowi\u0144skich. Martyny \u2013 uczennicy Liceum Og\u00f3lnokszta\u0142c\u0105cego w Brzozowie, laureatki wielu konkurs\u00f3w wokalnych, rozpoznawalnej youtuberki.Amelka b\u0119d\u0105ca uczennic\u0105 miejscowej szko\u0142y podstawowej poza \u015bpiewaniem tak\u017ce udziela si\u0105 na youtubie, gdzie prowadzi sw\u00f3j kana\u0142. W wykonaniu Martyny wys\u0142uchali\u015bmy utwory \u201eBez Ciebie\u201d Dawida Kwiatkowskiego i \u201eWracam do domu\u201d Justyny Steczkowskiej. Amelka zauroczy\u0142a wszystkich wykonaniem \u201eI Have Nothing\u201d Whitney Huston i \u201ePogody ducha\u201d Hanny Banaszak. Wystaw\u0119 w naszym muzeum mo\u017cna zwiedza\u0107 do ko\u0144ca marca br.<\/p>\n\n\n\n<p><\/p>\n\n\n\n<p>Fot. Marek Mara\u0144ski <\/p>\n\n\n\n<!-- default-view.php -->\n<div\n\tclass=\"ngg-galleryoverview default-view \"\n\tid=\"ngg-gallery-714f70792a067b0110f8e688f44f3bfa-1\">\n\n\t\t<!-- Thumbnails -->\n\t\t\t\t<div id=\"ngg-image-0\" class=\"ngg-gallery-thumbnail-box \" >\n\t\t\t\t        <div class=\"ngg-gallery-thumbnail\">\n            <a href=\"https:\/\/muzeum.brzozow.pl\/wp-content\/gallery\/twardowski\/158282145_3778714285545476_2069521024021426571_o.jpg\"\n               title=\"Wernisa\u017c rozpocz\u0119\u0142a dyrektor muzeum Agnieszka Adamska\"\n               data-src=\"https:\/\/muzeum.brzozow.pl\/wp-content\/gallery\/twardowski\/158282145_3778714285545476_2069521024021426571_o.jpg\"\n               data-thumbnail=\"https:\/\/muzeum.brzozow.pl\/wp-content\/gallery\/twardowski\/thumbs\/thumbs_158282145_3778714285545476_2069521024021426571_o.jpg\"\n               data-image-id=\"485\"\n               data-title=\"158282145_3778714285545476_2069521024021426571_o\"\n               data-description=\"Wernisa\u017c rozpocz\u0119\u0142a dyrektor muzeum Agnieszka Adamska\"\n               data-image-slug=\"158282145_3778714285545476_2069521024021426571_o\"\n               class=\"ngg-simplelightbox\" rel=\"714f70792a067b0110f8e688f44f3bfa\">\n                <img\n                    title=\"158282145_3778714285545476_2069521024021426571_o\"\n                    alt=\"158282145_3778714285545476_2069521024021426571_o\"\n                    src=\"https:\/\/muzeum.brzozow.pl\/wp-content\/gallery\/twardowski\/thumbs\/thumbs_158282145_3778714285545476_2069521024021426571_o.jpg\"\n                    width=\"240\"\n                    height=\"160\"\n                    style=\"max-width:100%;\"\n                \/>\n            <\/a>\n        <\/div>\n\t\t\t\t\t\t\t<\/div> \n\t\t\t\n\t\t\t\t<div id=\"ngg-image-1\" class=\"ngg-gallery-thumbnail-box \" >\n\t\t\t\t        <div class=\"ngg-gallery-thumbnail\">\n            <a href=\"https:\/\/muzeum.brzozow.pl\/wp-content\/gallery\/twardowski\/158864398_3778714872212084_7447874883193750747_o.jpg\"\n               title=\"Dla os\u00f3b, kt\u00f3re po raz pierwszy spotykaj\u0105 si\u0119 z tw\u00f3rczo\u015bci\u0105 Zdzis\u0142awa Twardowskiego, artysta przygotowa\u0142 kilka s\u0142\u00f3w wprowadzenia.\"\n               data-src=\"https:\/\/muzeum.brzozow.pl\/wp-content\/gallery\/twardowski\/158864398_3778714872212084_7447874883193750747_o.jpg\"\n               data-thumbnail=\"https:\/\/muzeum.brzozow.pl\/wp-content\/gallery\/twardowski\/thumbs\/thumbs_158864398_3778714872212084_7447874883193750747_o.jpg\"\n               data-image-id=\"493\"\n               data-title=\"158864398_3778714872212084_7447874883193750747_o\"\n               data-description=\"Dla os\u00f3b, kt\u00f3re po raz pierwszy spotykaj\u0105 si\u0119 z tw\u00f3rczo\u015bci\u0105 Zdzis\u0142awa Twardowskiego, artysta przygotowa\u0142 kilka s\u0142\u00f3w wprowadzenia.\"\n               data-image-slug=\"158864398_3778714872212084_7447874883193750747_o\"\n               class=\"ngg-simplelightbox\" rel=\"714f70792a067b0110f8e688f44f3bfa\">\n                <img\n                    title=\"158864398_3778714872212084_7447874883193750747_o\"\n                    alt=\"158864398_3778714872212084_7447874883193750747_o\"\n                    src=\"https:\/\/muzeum.brzozow.pl\/wp-content\/gallery\/twardowski\/thumbs\/thumbs_158864398_3778714872212084_7447874883193750747_o.jpg\"\n                    width=\"240\"\n                    height=\"160\"\n                    style=\"max-width:100%;\"\n                \/>\n            <\/a>\n        <\/div>\n\t\t\t\t\t\t\t<\/div> \n\t\t\t\n\t\t\t\t<div id=\"ngg-image-2\" class=\"ngg-gallery-thumbnail-box \" >\n\t\t\t\t        <div class=\"ngg-gallery-thumbnail\">\n            <a href=\"https:\/\/muzeum.brzozow.pl\/wp-content\/gallery\/twardowski\/158710408_3778714282212143_6793901141693000525_o.jpg\"\n               title=\"Artysta przyjmuje kwiaty z r\u0105k Moniki Sowi\u0144skiej\"\n               data-src=\"https:\/\/muzeum.brzozow.pl\/wp-content\/gallery\/twardowski\/158710408_3778714282212143_6793901141693000525_o.jpg\"\n               data-thumbnail=\"https:\/\/muzeum.brzozow.pl\/wp-content\/gallery\/twardowski\/thumbs\/thumbs_158710408_3778714282212143_6793901141693000525_o.jpg\"\n               data-image-id=\"491\"\n               data-title=\"158710408_3778714282212143_6793901141693000525_o\"\n               data-description=\"Artysta przyjmuje kwiaty z r\u0105k Moniki Sowi\u0144skiej\"\n               data-image-slug=\"158710408_3778714282212143_6793901141693000525_o\"\n               class=\"ngg-simplelightbox\" rel=\"714f70792a067b0110f8e688f44f3bfa\">\n                <img\n                    title=\"158710408_3778714282212143_6793901141693000525_o\"\n                    alt=\"158710408_3778714282212143_6793901141693000525_o\"\n                    src=\"https:\/\/muzeum.brzozow.pl\/wp-content\/gallery\/twardowski\/thumbs\/thumbs_158710408_3778714282212143_6793901141693000525_o.jpg\"\n                    width=\"240\"\n                    height=\"160\"\n                    style=\"max-width:100%;\"\n                \/>\n            <\/a>\n        <\/div>\n\t\t\t\t\t\t\t<\/div> \n\t\t\t\n\t\t\t\t<div id=\"ngg-image-3\" class=\"ngg-gallery-thumbnail-box \" >\n\t\t\t\t        <div class=\"ngg-gallery-thumbnail\">\n            <a href=\"https:\/\/muzeum.brzozow.pl\/wp-content\/gallery\/twardowski\/158638642_3778714488878789_467432057676404012_o.jpg\"\n               title=\"Wernisa\u017c urozmaici\u0142 wyst\u0119p dw\u00f3ch m\u0142odych wokalistek: Amelii i Martyny Sowi\u0144skich\"\n               data-src=\"https:\/\/muzeum.brzozow.pl\/wp-content\/gallery\/twardowski\/158638642_3778714488878789_467432057676404012_o.jpg\"\n               data-thumbnail=\"https:\/\/muzeum.brzozow.pl\/wp-content\/gallery\/twardowski\/thumbs\/thumbs_158638642_3778714488878789_467432057676404012_o.jpg\"\n               data-image-id=\"486\"\n               data-title=\"158638642_3778714488878789_467432057676404012_o\"\n               data-description=\"Wernisa\u017c urozmaici\u0142 wyst\u0119p dw\u00f3ch m\u0142odych wokalistek: Amelii i Martyny Sowi\u0144skich\"\n               data-image-slug=\"158638642_3778714488878789_467432057676404012_o\"\n               class=\"ngg-simplelightbox\" rel=\"714f70792a067b0110f8e688f44f3bfa\">\n                <img\n                    title=\"158638642_3778714488878789_467432057676404012_o\"\n                    alt=\"158638642_3778714488878789_467432057676404012_o\"\n                    src=\"https:\/\/muzeum.brzozow.pl\/wp-content\/gallery\/twardowski\/thumbs\/thumbs_158638642_3778714488878789_467432057676404012_o.jpg\"\n                    width=\"240\"\n                    height=\"160\"\n                    style=\"max-width:100%;\"\n                \/>\n            <\/a>\n        <\/div>\n\t\t\t\t\t\t\t<\/div> \n\t\t\t\n\t\t\t\t<div id=\"ngg-image-4\" class=\"ngg-gallery-thumbnail-box \" >\n\t\t\t\t        <div class=\"ngg-gallery-thumbnail\">\n            <a href=\"https:\/\/muzeum.brzozow.pl\/wp-content\/gallery\/twardowski\/158588219_3778714688878769_6531745022448018375_o.jpg\"\n               title=\"Nikt nie zapomnia\u0142 o bezpiecze\u0144stwie w czasie pandemii.\"\n               data-src=\"https:\/\/muzeum.brzozow.pl\/wp-content\/gallery\/twardowski\/158588219_3778714688878769_6531745022448018375_o.jpg\"\n               data-thumbnail=\"https:\/\/muzeum.brzozow.pl\/wp-content\/gallery\/twardowski\/thumbs\/thumbs_158588219_3778714688878769_6531745022448018375_o.jpg\"\n               data-image-id=\"488\"\n               data-title=\"158588219_3778714688878769_6531745022448018375_o\"\n               data-description=\"Nikt nie zapomnia\u0142 o bezpiecze\u0144stwie w czasie pandemii.\"\n               data-image-slug=\"158588219_3778714688878769_6531745022448018375_o\"\n               class=\"ngg-simplelightbox\" rel=\"714f70792a067b0110f8e688f44f3bfa\">\n                <img\n                    title=\"158588219_3778714688878769_6531745022448018375_o\"\n                    alt=\"158588219_3778714688878769_6531745022448018375_o\"\n                    src=\"https:\/\/muzeum.brzozow.pl\/wp-content\/gallery\/twardowski\/thumbs\/thumbs_158588219_3778714688878769_6531745022448018375_o.jpg\"\n                    width=\"240\"\n                    height=\"160\"\n                    style=\"max-width:100%;\"\n                \/>\n            <\/a>\n        <\/div>\n\t\t\t\t\t\t\t<\/div> \n\t\t\t\n\t\t\t\t<div id=\"ngg-image-5\" class=\"ngg-gallery-thumbnail-box \" >\n\t\t\t\t        <div class=\"ngg-gallery-thumbnail\">\n            <a href=\"https:\/\/muzeum.brzozow.pl\/wp-content\/gallery\/twardowski\/158615557_3778715018878736_2888565927658899594_o.jpg\"\n               title=\"Mi\u0142o\u015bnicy sztuki podziwiaj\u0105 prace artysty.\"\n               data-src=\"https:\/\/muzeum.brzozow.pl\/wp-content\/gallery\/twardowski\/158615557_3778715018878736_2888565927658899594_o.jpg\"\n               data-thumbnail=\"https:\/\/muzeum.brzozow.pl\/wp-content\/gallery\/twardowski\/thumbs\/thumbs_158615557_3778715018878736_2888565927658899594_o.jpg\"\n               data-image-id=\"483\"\n               data-title=\"158615557_3778715018878736_2888565927658899594_o\"\n               data-description=\"Mi\u0142o\u015bnicy sztuki podziwiaj\u0105 prace artysty.\"\n               data-image-slug=\"158615557_3778715018878736_2888565927658899594_o\"\n               class=\"ngg-simplelightbox\" rel=\"714f70792a067b0110f8e688f44f3bfa\">\n                <img\n                    title=\"158615557_3778715018878736_2888565927658899594_o\"\n                    alt=\"158615557_3778715018878736_2888565927658899594_o\"\n                    src=\"https:\/\/muzeum.brzozow.pl\/wp-content\/gallery\/twardowski\/thumbs\/thumbs_158615557_3778715018878736_2888565927658899594_o.jpg\"\n                    width=\"240\"\n                    height=\"160\"\n                    style=\"max-width:100%;\"\n                \/>\n            <\/a>\n        <\/div>\n\t\t\t\t\t\t\t<\/div> \n\t\t\t\n\t\n\t<br style=\"clear: both\" \/>\n\n\t\n\t\t<!-- Pagination -->\n\t<div class='ngg-clear'><\/div>\t<\/div>\n\n","protected":false},"excerpt":{"rendered":"<p>Zdzis\u0142aw Twardowski, ur. w 1955<\/p>\n","protected":false},"author":1,"featured_media":4680,"comment_status":"open","ping_status":"open","sticky":false,"template":"","format":"standard","meta":{"ngg_post_thumbnail":0},"categories":[33,10,26,16],"tags":[],"_links":{"self":[{"href":"https:\/\/muzeum.brzozow.pl\/index.php?rest_route=\/wp\/v2\/posts\/4674"}],"collection":[{"href":"https:\/\/muzeum.brzozow.pl\/index.php?rest_route=\/wp\/v2\/posts"}],"about":[{"href":"https:\/\/muzeum.brzozow.pl\/index.php?rest_route=\/wp\/v2\/types\/post"}],"author":[{"embeddable":true,"href":"https:\/\/muzeum.brzozow.pl\/index.php?rest_route=\/wp\/v2\/users\/1"}],"replies":[{"embeddable":true,"href":"https:\/\/muzeum.brzozow.pl\/index.php?rest_route=%2Fwp%2Fv2%2Fcomments&post=4674"}],"version-history":[{"count":7,"href":"https:\/\/muzeum.brzozow.pl\/index.php?rest_route=\/wp\/v2\/posts\/4674\/revisions"}],"predecessor-version":[{"id":5362,"href":"https:\/\/muzeum.brzozow.pl\/index.php?rest_route=\/wp\/v2\/posts\/4674\/revisions\/5362"}],"wp:featuredmedia":[{"embeddable":true,"href":"https:\/\/muzeum.brzozow.pl\/index.php?rest_route=\/wp\/v2\/media\/4680"}],"wp:attachment":[{"href":"https:\/\/muzeum.brzozow.pl\/index.php?rest_route=%2Fwp%2Fv2%2Fmedia&parent=4674"}],"wp:term":[{"taxonomy":"category","embeddable":true,"href":"https:\/\/muzeum.brzozow.pl\/index.php?rest_route=%2Fwp%2Fv2%2Fcategories&post=4674"},{"taxonomy":"post_tag","embeddable":true,"href":"https:\/\/muzeum.brzozow.pl\/index.php?rest_route=%2Fwp%2Fv2%2Ftags&post=4674"}],"curies":[{"name":"wp","href":"https:\/\/api.w.org\/{rel}","templated":true}]}}