{"id":2845,"date":"2020-03-05T15:36:06","date_gmt":"2020-03-05T14:36:06","guid":{"rendered":"http:\/\/www.muzeum.brzozow.pl\/?p=2845"},"modified":"2021-03-08T12:33:27","modified_gmt":"2021-03-08T11:33:27","slug":"spotkanie-autorskie-ze-stanislawem-krycinskim","status":"publish","type":"post","link":"https:\/\/muzeum.brzozow.pl\/?p=2845","title":{"rendered":"Spotkanie autorskie ze Stanis\u0142awem Kryci\u0144skim"},"content":{"rendered":"<p style=\"text-align: justify;\"><span style=\"font-size: 14pt;\">Podczas spotkania autorskiego, w dn. 4 marca 2020 r., w brzozowskim Muzeum Regionalnym go\u015bci\u0142 Stanis\u0142aw Kryci\u0144ski, regionalista i krajoznawca. Cho\u0107 z wykszta\u0142cenia jest chemikiem i mieszka na sta\u0142e w Warszawie, to jego pasj\u0105 sta\u0142o si\u0119 Podkarpacie \u2013 Bieszczady, Beskid Niski i Pog\u00f3rze Przemyskie. W\u0119dr\u00f3wki i obozy inwentaryzacyjne przeku\u0142 na liczne publikacje krajoznawcze opisuj\u0105ce pod r\u00f3\u017cnymi k\u0105tami miejsca, ludzi i atrakcje w po\u0142udniowo-wschodniej Polsce. Pretekstem do wizyty w Brzozowie by\u0142a promocja najnowszej publikacji wydawnictwa Libra z Rzeszowa. Po zaprezentowaniu p\u00f3\u0142nocno-wschodniej cz\u0119\u015bci Pog\u00f3rza Przemyskiego w ksi\u0105\u017cce z podtytu\u0142em \u201eTajemnice doliny Wiaru&#8221;, tym razem autor wzi\u0105\u0142 na tapet\u0119 p\u00f3\u0142nocno-zachodni fragment tego pi\u0119knego, ale jak\u017ce niedocenianego mezoregionu \u2013 najbardziej na wsch\u00f3d wysuni\u0119tego polskiego pog\u00f3rza. Prezentowanej w muzeum ksi\u0105\u017cce nadano podtytu\u0142 \u201eW krwawym zakolu Sanu&#8221;. Dla mieszka\u0144c\u00f3w powiatu brzozowskiego jest szczeg\u00f3lnie wa\u017cna, poniewa\u017c opisuje jego wschodni\u0105 \u2013 zasa\u0144sk\u0105 (z perspektywy Brzozowa) \u2013 cz\u0119\u015b\u0107, po\u0142o\u017con\u0105 na terenie gmin Nozdrzec i Dydnia. Znalaz\u0142y si\u0119 tutaj strony po\u015bwi\u0119cone Uluczowi, Hrosz\u00f3wce, Jab\u0142onicy Ruskiej, Hucie Por\u0119by, Wo\u0142odzi, Woli Wo\u0142odzkiej i Siedliskom; ponadto wielu s\u0105siednim miejscowo\u015bciom z gminy Dyn\u00f3w, kt\u00f3re niegdy\u015b (do 1975 r.) po\u0142o\u017cone by\u0142y w administracyjnych graniach powiatu brzozowskiego. Stanis\u0142aw Kryci\u0144ski, uczestnicz\u0105c w latach 80-tych XX w. w obozach inwentaryzacyjnych \u201eNadsanie&#8221;, organizowanych przez Studenckie Ko\u0142o Przewodnik\u00f3w Beskidzkich w Warszawie, mia\u0142 okazj\u0119 zobaczy\u0107 wiele miejsc i obiekt\u00f3w oraz spotka\u0107 ludzi, kt\u00f3rych ju\u017c nie ma, \u015bwiadk\u00f3w tragicznej przesz\u0142o\u015bci tej krainy. Dziedzictwem tych bada\u0144 s\u0105 liczne fotografie w\u00f3wczas wykonane &#8211; kt\u00f3re mi\u0142o\u015bnikom regionu autor zaprezentowa\u0142 &#8211; przedstawiaj\u0105ce m.in.: cerkwie, stare budownictwo wiejskie, za\u0142o\u017cenia dworskie, kapliczki i krajobrazy.&nbsp;<\/span><\/p>\n<p style=\"text-align: right;\"><span style=\"font-size: 14pt;\"><em>MWP<\/em><\/span><\/p>\n<p>&nbsp;<\/p>\n<p><span style=\"font-size: 14pt;\"><em>fot. Marek Mara\u0144ski<\/em><\/span><\/p>\n\n\n<!-- default-view.php -->\n<div\n\tclass=\"ngg-galleryoverview default-view \"\n\tid=\"ngg-gallery-be09eaa39baa64583d562828a9d94932-1\">\n\n\t\t<!-- Thumbnails -->\n\t\t\t\t<div id=\"ngg-image-0\" class=\"ngg-gallery-thumbnail-box \" >\n\t\t\t\t        <div class=\"ngg-gallery-thumbnail\">\n            <a href=\"https:\/\/muzeum.brzozow.pl\/wp-content\/gallery\/krycinski\/DSC_0124.jpg\"\n               title=\"\"\n               data-src=\"https:\/\/muzeum.brzozow.pl\/wp-content\/gallery\/krycinski\/DSC_0124.jpg\"\n               data-thumbnail=\"https:\/\/muzeum.brzozow.pl\/wp-content\/gallery\/krycinski\/thumbs\/thumbs_DSC_0124.jpg\"\n               data-image-id=\"131\"\n               data-title=\"DSC_0124\"\n               data-description=\"\"\n               data-image-slug=\"dsc_0124\"\n               class=\"ngg-simplelightbox\" rel=\"be09eaa39baa64583d562828a9d94932\">\n                <img\n                    title=\"DSC_0124\"\n                    alt=\"DSC_0124\"\n                    src=\"https:\/\/muzeum.brzozow.pl\/wp-content\/gallery\/krycinski\/thumbs\/thumbs_DSC_0124.jpg\"\n                    width=\"240\"\n                    height=\"160\"\n                    style=\"max-width:100%;\"\n                \/>\n            <\/a>\n        <\/div>\n\t\t\t\t\t\t\t<\/div> \n\t\t\t\n\t\t\t\t<div id=\"ngg-image-1\" class=\"ngg-gallery-thumbnail-box \" >\n\t\t\t\t        <div class=\"ngg-gallery-thumbnail\">\n            <a href=\"https:\/\/muzeum.brzozow.pl\/wp-content\/gallery\/krycinski\/DSC_0139.jpg\"\n               title=\"\"\n               data-src=\"https:\/\/muzeum.brzozow.pl\/wp-content\/gallery\/krycinski\/DSC_0139.jpg\"\n               data-thumbnail=\"https:\/\/muzeum.brzozow.pl\/wp-content\/gallery\/krycinski\/thumbs\/thumbs_DSC_0139.jpg\"\n               data-image-id=\"132\"\n               data-title=\"DSC_0139\"\n               data-description=\"\"\n               data-image-slug=\"dsc_0139-1\"\n               class=\"ngg-simplelightbox\" rel=\"be09eaa39baa64583d562828a9d94932\">\n                <img\n                    title=\"DSC_0139\"\n                    alt=\"DSC_0139\"\n                    src=\"https:\/\/muzeum.brzozow.pl\/wp-content\/gallery\/krycinski\/thumbs\/thumbs_DSC_0139.jpg\"\n                    width=\"240\"\n                    height=\"160\"\n                    style=\"max-width:100%;\"\n                \/>\n            <\/a>\n        <\/div>\n\t\t\t\t\t\t\t<\/div> \n\t\t\t\n\t\t\t\t<div id=\"ngg-image-2\" class=\"ngg-gallery-thumbnail-box \" >\n\t\t\t\t        <div class=\"ngg-gallery-thumbnail\">\n            <a href=\"https:\/\/muzeum.brzozow.pl\/wp-content\/gallery\/krycinski\/DSC_0161.jpg\"\n               title=\"\"\n               data-src=\"https:\/\/muzeum.brzozow.pl\/wp-content\/gallery\/krycinski\/DSC_0161.jpg\"\n               data-thumbnail=\"https:\/\/muzeum.brzozow.pl\/wp-content\/gallery\/krycinski\/thumbs\/thumbs_DSC_0161.jpg\"\n               data-image-id=\"133\"\n               data-title=\"DSC_0161\"\n               data-description=\"\"\n               data-image-slug=\"dsc_0161-1\"\n               class=\"ngg-simplelightbox\" rel=\"be09eaa39baa64583d562828a9d94932\">\n                <img\n                    title=\"DSC_0161\"\n                    alt=\"DSC_0161\"\n                    src=\"https:\/\/muzeum.brzozow.pl\/wp-content\/gallery\/krycinski\/thumbs\/thumbs_DSC_0161.jpg\"\n                    width=\"240\"\n                    height=\"160\"\n                    style=\"max-width:100%;\"\n                \/>\n            <\/a>\n        <\/div>\n\t\t\t\t\t\t\t<\/div> \n\t\t\t\n\t\t\t\t<div id=\"ngg-image-3\" class=\"ngg-gallery-thumbnail-box \" >\n\t\t\t\t        <div class=\"ngg-gallery-thumbnail\">\n            <a href=\"https:\/\/muzeum.brzozow.pl\/wp-content\/gallery\/krycinski\/DSC_0153.jpg\"\n               title=\"\"\n               data-src=\"https:\/\/muzeum.brzozow.pl\/wp-content\/gallery\/krycinski\/DSC_0153.jpg\"\n               data-thumbnail=\"https:\/\/muzeum.brzozow.pl\/wp-content\/gallery\/krycinski\/thumbs\/thumbs_DSC_0153.jpg\"\n               data-image-id=\"134\"\n               data-title=\"DSC_0153\"\n               data-description=\"\"\n               data-image-slug=\"dsc_0153\"\n               class=\"ngg-simplelightbox\" rel=\"be09eaa39baa64583d562828a9d94932\">\n                <img\n                    title=\"DSC_0153\"\n                    alt=\"DSC_0153\"\n                    src=\"https:\/\/muzeum.brzozow.pl\/wp-content\/gallery\/krycinski\/thumbs\/thumbs_DSC_0153.jpg\"\n                    width=\"240\"\n                    height=\"160\"\n                    style=\"max-width:100%;\"\n                \/>\n            <\/a>\n        <\/div>\n\t\t\t\t\t\t\t<\/div> \n\t\t\t\n\t\t\t\t<div id=\"ngg-image-4\" class=\"ngg-gallery-thumbnail-box \" >\n\t\t\t\t        <div class=\"ngg-gallery-thumbnail\">\n            <a href=\"https:\/\/muzeum.brzozow.pl\/wp-content\/gallery\/krycinski\/DSC_0166.jpg\"\n               title=\"\"\n               data-src=\"https:\/\/muzeum.brzozow.pl\/wp-content\/gallery\/krycinski\/DSC_0166.jpg\"\n               data-thumbnail=\"https:\/\/muzeum.brzozow.pl\/wp-content\/gallery\/krycinski\/thumbs\/thumbs_DSC_0166.jpg\"\n               data-image-id=\"135\"\n               data-title=\"DSC_0166\"\n               data-description=\"\"\n               data-image-slug=\"dsc_0166\"\n               class=\"ngg-simplelightbox\" rel=\"be09eaa39baa64583d562828a9d94932\">\n                <img\n                    title=\"DSC_0166\"\n                    alt=\"DSC_0166\"\n                    src=\"https:\/\/muzeum.brzozow.pl\/wp-content\/gallery\/krycinski\/thumbs\/thumbs_DSC_0166.jpg\"\n                    width=\"240\"\n                    height=\"160\"\n                    style=\"max-width:100%;\"\n                \/>\n            <\/a>\n        <\/div>\n\t\t\t\t\t\t\t<\/div> \n\t\t\t\n\t\t\t\t<div id=\"ngg-image-5\" class=\"ngg-gallery-thumbnail-box \" >\n\t\t\t\t        <div class=\"ngg-gallery-thumbnail\">\n            <a href=\"https:\/\/muzeum.brzozow.pl\/wp-content\/gallery\/krycinski\/DSC_0162.jpg\"\n               title=\"\"\n               data-src=\"https:\/\/muzeum.brzozow.pl\/wp-content\/gallery\/krycinski\/DSC_0162.jpg\"\n               data-thumbnail=\"https:\/\/muzeum.brzozow.pl\/wp-content\/gallery\/krycinski\/thumbs\/thumbs_DSC_0162.jpg\"\n               data-image-id=\"136\"\n               data-title=\"DSC_0162\"\n               data-description=\"\"\n               data-image-slug=\"dsc_0162-1\"\n               class=\"ngg-simplelightbox\" rel=\"be09eaa39baa64583d562828a9d94932\">\n                <img\n                    title=\"DSC_0162\"\n                    alt=\"DSC_0162\"\n                    src=\"https:\/\/muzeum.brzozow.pl\/wp-content\/gallery\/krycinski\/thumbs\/thumbs_DSC_0162.jpg\"\n                    width=\"240\"\n                    height=\"160\"\n                    style=\"max-width:100%;\"\n                \/>\n            <\/a>\n        <\/div>\n\t\t\t\t\t\t\t<\/div> \n\t\t\t\n\t\n\t<br style=\"clear: both\" \/>\n\n\t\n\t\t<!-- Pagination -->\n\t<div class='ngg-clear'><\/div>\t<\/div>\n\n","protected":false},"excerpt":{"rendered":"<p>Podczas spotkania autorskiego, w dn.<\/p>\n","protected":false},"author":1,"featured_media":2846,"comment_status":"closed","ping_status":"closed","sticky":false,"template":"","format":"standard","meta":{"ngg_post_thumbnail":0},"categories":[2,10,17,24],"tags":[],"_links":{"self":[{"href":"https:\/\/muzeum.brzozow.pl\/index.php?rest_route=\/wp\/v2\/posts\/2845"}],"collection":[{"href":"https:\/\/muzeum.brzozow.pl\/index.php?rest_route=\/wp\/v2\/posts"}],"about":[{"href":"https:\/\/muzeum.brzozow.pl\/index.php?rest_route=\/wp\/v2\/types\/post"}],"author":[{"embeddable":true,"href":"https:\/\/muzeum.brzozow.pl\/index.php?rest_route=\/wp\/v2\/users\/1"}],"replies":[{"embeddable":true,"href":"https:\/\/muzeum.brzozow.pl\/index.php?rest_route=%2Fwp%2Fv2%2Fcomments&post=2845"}],"version-history":[{"count":2,"href":"https:\/\/muzeum.brzozow.pl\/index.php?rest_route=\/wp\/v2\/posts\/2845\/revisions"}],"predecessor-version":[{"id":4710,"href":"https:\/\/muzeum.brzozow.pl\/index.php?rest_route=\/wp\/v2\/posts\/2845\/revisions\/4710"}],"wp:featuredmedia":[{"embeddable":true,"href":"https:\/\/muzeum.brzozow.pl\/index.php?rest_route=\/wp\/v2\/media\/2846"}],"wp:attachment":[{"href":"https:\/\/muzeum.brzozow.pl\/index.php?rest_route=%2Fwp%2Fv2%2Fmedia&parent=2845"}],"wp:term":[{"taxonomy":"category","embeddable":true,"href":"https:\/\/muzeum.brzozow.pl\/index.php?rest_route=%2Fwp%2Fv2%2Fcategories&post=2845"},{"taxonomy":"post_tag","embeddable":true,"href":"https:\/\/muzeum.brzozow.pl\/index.php?rest_route=%2Fwp%2Fv2%2Ftags&post=2845"}],"curies":[{"name":"wp","href":"https:\/\/api.w.org\/{rel}","templated":true}]}}