{"id":906,"date":"2017-10-20T14:01:55","date_gmt":"2017-10-20T12:01:55","guid":{"rendered":"http:\/\/www.muzeum.brzozow.pl\/?p=906"},"modified":"2021-03-08T14:20:34","modified_gmt":"2021-03-08T13:20:34","slug":"promocja-tomiku-wierszy-katarzyny-terchy-frankiewicz-3","status":"publish","type":"post","link":"http:\/\/muzeum.brzozow.pl\/?p=906","title":{"rendered":"Promocja tomiku wierszy Katarzyny Terchy-Frankiewicz"},"content":{"rendered":"\n<p>W ramach kolejnego ju\u017c Brzozowskiego Spotkania Muze- alnego, w czwartkowe popo\u0142udnie 19 pa\u017adziernika, w murach naszego muzeum odby\u0142a si\u0119 promocja tomiku wierszy pt. \u201ePKSem do Brzozowa\u201d, autorstwa Katarzyny Terchy-Frankiewicz. Poza tym, okazj\u0105 do spotkania przy licznie zebranej publiczno\u015bci by\u0142y tak\u017ce zbli\u017caj\u0105ce si\u0119 30 urodziny autorki. Mia\u0142o ono charakter dialogu mi\u0119dzy poetk\u0105 a prowadz\u0105cym \u2013 dyrektorem muzeum Mariuszem Kaznowskim, w kt\u00f3rym m\u00f3wczyni prezentowa\u0142a swoje wiersze na przemian z przemy\u015bleniami dotycz\u0105cymi osobistych prze\u017cy\u0107, czy religii. Autorka pisze bardzo szczerze, otwiera si\u0119 przed czytelnikiem, a wiersze z ostatnich lat traktuje za bardziej dojrzalsze. Wi\u0119kszo\u015b\u0107 utwor\u00f3w, kt\u00f3re wygl\u0105daj\u0105 jak erotyki, w rzeczywisto\u015bci s\u0105 modlitw\u0105, uwielbieniem Boga, postrzeganego jako relacj\u0119 Oblubieniec \u2013 Oblubienica. Nawi\u0105zuje r\u00f3wnie\u017c do lokalnych klimat\u00f3w, ukochania ma\u0142ej Ojczyzny, bez kt\u00f3rej nie wyobra\u017ca sobie \u017cycia. Na zako\u0144czenie spotkania zgromadzeni mogli zakupi\u0107 tomik wierszy z dedykacj\u0105 autorki.<\/p>\n\n\n\n<p>Katarzyna Tercha-Frankiewicz jest absolwentk\u0105 PWSZ w Sanoku a tak\u017ce Uniwersytetu Rzeszowskiego. Jej debiutem by\u0142 tomik wierszy pt. \u201eZapiski powracaj\u0105cego cz\u0142owiecze\u0144stwa\u201d. Swoje utwory publikuje m.in. w \u201eWiado- mo\u015bciach Brzozowskich\u201d i \u201eBrzozowskiej Gazecie Powiatowej\u201d. Jest zwi\u0105zana z Ruchem Poetyckim ZGRZYT oraz ze Stowarzyszeniem Ludzi Tw\u00f3rczych w Brzozowie. Tworzy r\u00f3wnie\u017c proz\u0119 i grafik\u0119.<\/p>\n\n\n\n<p>MK<\/p>\n","protected":false},"excerpt":{"rendered":"<p>W ramach kolejnego ju\u017c Brzozowskiego<\/p>\n","protected":false},"author":1,"featured_media":917,"comment_status":"closed","ping_status":"closed","sticky":false,"template":"","format":"standard","meta":{"ngg_post_thumbnail":0},"categories":[12,2,10,17,24],"tags":[],"_links":{"self":[{"href":"http:\/\/muzeum.brzozow.pl\/index.php?rest_route=\/wp\/v2\/posts\/906"}],"collection":[{"href":"http:\/\/muzeum.brzozow.pl\/index.php?rest_route=\/wp\/v2\/posts"}],"about":[{"href":"http:\/\/muzeum.brzozow.pl\/index.php?rest_route=\/wp\/v2\/types\/post"}],"author":[{"embeddable":true,"href":"http:\/\/muzeum.brzozow.pl\/index.php?rest_route=\/wp\/v2\/users\/1"}],"replies":[{"embeddable":true,"href":"http:\/\/muzeum.brzozow.pl\/index.php?rest_route=%2Fwp%2Fv2%2Fcomments&post=906"}],"version-history":[{"count":2,"href":"http:\/\/muzeum.brzozow.pl\/index.php?rest_route=\/wp\/v2\/posts\/906\/revisions"}],"predecessor-version":[{"id":4915,"href":"http:\/\/muzeum.brzozow.pl\/index.php?rest_route=\/wp\/v2\/posts\/906\/revisions\/4915"}],"wp:featuredmedia":[{"embeddable":true,"href":"http:\/\/muzeum.brzozow.pl\/index.php?rest_route=\/wp\/v2\/media\/917"}],"wp:attachment":[{"href":"http:\/\/muzeum.brzozow.pl\/index.php?rest_route=%2Fwp%2Fv2%2Fmedia&parent=906"}],"wp:term":[{"taxonomy":"category","embeddable":true,"href":"http:\/\/muzeum.brzozow.pl\/index.php?rest_route=%2Fwp%2Fv2%2Fcategories&post=906"},{"taxonomy":"post_tag","embeddable":true,"href":"http:\/\/muzeum.brzozow.pl\/index.php?rest_route=%2Fwp%2Fv2%2Ftags&post=906"}],"curies":[{"name":"wp","href":"https:\/\/api.w.org\/{rel}","templated":true}]}}