{"id":8052,"date":"2024-11-23T14:27:00","date_gmt":"2024-11-23T13:27:00","guid":{"rendered":"http:\/\/muzeum.brzozow.pl\/?p=8052"},"modified":"2025-05-22T14:30:37","modified_gmt":"2025-05-22T12:30:37","slug":"swieto-fotografii-w-brzozowskim-muzeum","status":"publish","type":"post","link":"http:\/\/muzeum.brzozow.pl\/?p=8052","title":{"rendered":"\u015aWI\u0118TO FOTOGRAFII w brzozowskim Muzeum"},"content":{"rendered":"\n<p>Zdj\u0119cia czarno-bia\u0142e maj\u0105 moc. Ogromn\u0105 si\u0142\u0119 przekazu, mn\u00f3stwo emocji. Trzeba si\u0119 tylko na moment zatrzyma\u0107, dojrze\u0107 g\u0142\u0119bi\u0119, \u201ezobaczy\u0107\u201d w zdj\u0119ciu jego autora, zobaczy\u0107 w nim cz\u0142owieka\u2026<\/p>\n\n\n\n<p>Wczorajszego wieczora sala Muzeum Regionalnego wype\u0142niona po brzegi go\u015bci\u0142a mi\u0142o\u015bnik\u00f3w fotografii. Go\u015bcie mogli obejrze\u0107 dwie niezwyk\u0142e ekspozycje zdj\u0119\u0107 Brzozowskiego Klubu Fotograficznego \u2013 BeKaF, po kt\u00f3rych oprowadzi\u0142 nas Tomasz Wajda z Krosna, od kt\u00f3rego chyba wszystko si\u0119 zacz\u0119\u0142o\u2026<\/p>\n\n\n\n<p>Na DRUGIM BRZOZOWSKIM \u015aWI\u0118CIE FOTOGRAFII, go\u015bcili\u015bmy przedstawicieli samorz\u0105du lokalnego, kt\u00f3rych reprezentowali: Radny Rady Powiatu Brzozowskiego \u2013 Marek Wacek, Radny Rady Miejskiej w Brzozowie \u2013 Adam Pomyka\u0142a, Dyrektor MOSiR w Brzozowie \u2013 Bogdan Dydko. W spotkaniu udzia\u0142 wzi\u0119li tak\u017ce cz\u0142onkowie klub\u00f3w fotograficznych, a tak\u017ce sympatycy brzozowskiego muzeum. <\/p>\n\n\n\n<p>Spotkanie otworzy\u0142a Agnieszka Adamska, a jej wsp\u00f3\u0142prowadz\u0105cymi byli: Tomasz Wajda, Krzysztof Zubel, Magdalena Biedka i Katarzyna Ko\u0142odziejczyk z BeKaF-u. <\/p>\n\n\n\n<p>Rozmowom o zdj\u0119ciach nie by\u0142o ko\u0144ca. By\u0142a to niezwyk\u0142a uczta duchowa, kt\u00f3r\u0105 zapewnili nam arty\u015bci, fotograficy, jak m\u00f3wi\u0105 o sobie \u2013 amatorzy. Ich zdj\u0119cia poruszaj\u0105 dusz\u0119. Wysubtelniaj\u0105 i podkre\u015blaj\u0105 jego temat, a kszta\u0142ty na czarno-bia\u0142ym zdj\u0119ciu oddzia\u0142uj\u0105 na nas bardziej ni\u017c kolor, kt\u00f3ry jest zwykle informacj\u0105 dodatkow\u0105. <\/p>\n\n\n\n<p>Wystaw\u0119 mo\u017cemy zwiedza\u0107 do 6 grudnia. Serdecznie zapraszamy!<\/p>\n\n\n\n<!-- default-view.php -->\n<div\n\tclass=\"ngg-galleryoverview default-view \"\n\tid=\"ngg-gallery-ab9bfd03abc1b64141b461ae5fd4a7db-1\">\n\n\t\t<!-- Thumbnails -->\n\t\t\t\t<div id=\"ngg-image-0\" class=\"ngg-gallery-thumbnail-box \" >\n\t\t\t\t        <div class=\"ngg-gallery-thumbnail\">\n            <a href=\"http:\/\/muzeum.brzozow.pl\/wp-content\/gallery\/swieto-fotografii\/DSC_0831.JPG\"\n               title=\"\"\n               data-src=\"http:\/\/muzeum.brzozow.pl\/wp-content\/gallery\/swieto-fotografii\/DSC_0831.JPG\"\n               data-thumbnail=\"http:\/\/muzeum.brzozow.pl\/wp-content\/gallery\/swieto-fotografii\/thumbs\/thumbs_DSC_0831.JPG\"\n               data-image-id=\"1724\"\n               data-title=\"DSC_0831\"\n               data-description=\"\"\n               data-image-slug=\"dsc_0831-1\"\n               class=\"ngg-simplelightbox\" rel=\"ab9bfd03abc1b64141b461ae5fd4a7db\">\n                <img\n                    title=\"DSC_0831\"\n                    alt=\"DSC_0831\"\n                    src=\"http:\/\/muzeum.brzozow.pl\/wp-content\/gallery\/swieto-fotografii\/thumbs\/thumbs_DSC_0831.JPG\"\n                    width=\"240\"\n                    height=\"160\"\n                    style=\"max-width:100%;\"\n                \/>\n            <\/a>\n        <\/div>\n\t\t\t\t\t\t\t<\/div> \n\t\t\t\n\t\t\t\t<div id=\"ngg-image-1\" class=\"ngg-gallery-thumbnail-box \" >\n\t\t\t\t        <div class=\"ngg-gallery-thumbnail\">\n            <a href=\"http:\/\/muzeum.brzozow.pl\/wp-content\/gallery\/swieto-fotografii\/DSC_0840.JPG\"\n               title=\"\"\n               data-src=\"http:\/\/muzeum.brzozow.pl\/wp-content\/gallery\/swieto-fotografii\/DSC_0840.JPG\"\n               data-thumbnail=\"http:\/\/muzeum.brzozow.pl\/wp-content\/gallery\/swieto-fotografii\/thumbs\/thumbs_DSC_0840.JPG\"\n               data-image-id=\"1725\"\n               data-title=\"DSC_0840\"\n               data-description=\"\"\n               data-image-slug=\"dsc_0840\"\n               class=\"ngg-simplelightbox\" rel=\"ab9bfd03abc1b64141b461ae5fd4a7db\">\n                <img\n                    title=\"DSC_0840\"\n                    alt=\"DSC_0840\"\n                    src=\"http:\/\/muzeum.brzozow.pl\/wp-content\/gallery\/swieto-fotografii\/thumbs\/thumbs_DSC_0840.JPG\"\n                    width=\"240\"\n                    height=\"160\"\n                    style=\"max-width:100%;\"\n                \/>\n            <\/a>\n        <\/div>\n\t\t\t\t\t\t\t<\/div> \n\t\t\t\n\t\t\t\t<div id=\"ngg-image-2\" class=\"ngg-gallery-thumbnail-box \" >\n\t\t\t\t        <div class=\"ngg-gallery-thumbnail\">\n            <a href=\"http:\/\/muzeum.brzozow.pl\/wp-content\/gallery\/swieto-fotografii\/DSC_0843.JPG\"\n               title=\"\"\n               data-src=\"http:\/\/muzeum.brzozow.pl\/wp-content\/gallery\/swieto-fotografii\/DSC_0843.JPG\"\n               data-thumbnail=\"http:\/\/muzeum.brzozow.pl\/wp-content\/gallery\/swieto-fotografii\/thumbs\/thumbs_DSC_0843.JPG\"\n               data-image-id=\"1729\"\n               data-title=\"DSC_0843\"\n               data-description=\"\"\n               data-image-slug=\"dsc_0843-2\"\n               class=\"ngg-simplelightbox\" rel=\"ab9bfd03abc1b64141b461ae5fd4a7db\">\n                <img\n                    title=\"DSC_0843\"\n                    alt=\"DSC_0843\"\n                    src=\"http:\/\/muzeum.brzozow.pl\/wp-content\/gallery\/swieto-fotografii\/thumbs\/thumbs_DSC_0843.JPG\"\n                    width=\"240\"\n                    height=\"160\"\n                    style=\"max-width:100%;\"\n                \/>\n            <\/a>\n        <\/div>\n\t\t\t\t\t\t\t<\/div> \n\t\t\t\n\t\t\t\t<div id=\"ngg-image-3\" class=\"ngg-gallery-thumbnail-box \" >\n\t\t\t\t        <div class=\"ngg-gallery-thumbnail\">\n            <a href=\"http:\/\/muzeum.brzozow.pl\/wp-content\/gallery\/swieto-fotografii\/DSC_0844.JPG\"\n               title=\"\"\n               data-src=\"http:\/\/muzeum.brzozow.pl\/wp-content\/gallery\/swieto-fotografii\/DSC_0844.JPG\"\n               data-thumbnail=\"http:\/\/muzeum.brzozow.pl\/wp-content\/gallery\/swieto-fotografii\/thumbs\/thumbs_DSC_0844.JPG\"\n               data-image-id=\"1726\"\n               data-title=\"DSC_0844\"\n               data-description=\"\"\n               data-image-slug=\"dsc_0844-4\"\n               class=\"ngg-simplelightbox\" rel=\"ab9bfd03abc1b64141b461ae5fd4a7db\">\n                <img\n                    title=\"DSC_0844\"\n                    alt=\"DSC_0844\"\n                    src=\"http:\/\/muzeum.brzozow.pl\/wp-content\/gallery\/swieto-fotografii\/thumbs\/thumbs_DSC_0844.JPG\"\n                    width=\"240\"\n                    height=\"160\"\n                    style=\"max-width:100%;\"\n                \/>\n            <\/a>\n        <\/div>\n\t\t\t\t\t\t\t<\/div> \n\t\t\t\n\t\t\t\t<div id=\"ngg-image-4\" class=\"ngg-gallery-thumbnail-box \" >\n\t\t\t\t        <div class=\"ngg-gallery-thumbnail\">\n            <a href=\"http:\/\/muzeum.brzozow.pl\/wp-content\/gallery\/swieto-fotografii\/DSC_0846.JPG\"\n               title=\"\"\n               data-src=\"http:\/\/muzeum.brzozow.pl\/wp-content\/gallery\/swieto-fotografii\/DSC_0846.JPG\"\n               data-thumbnail=\"http:\/\/muzeum.brzozow.pl\/wp-content\/gallery\/swieto-fotografii\/thumbs\/thumbs_DSC_0846.JPG\"\n               data-image-id=\"1727\"\n               data-title=\"DSC_0846\"\n               data-description=\"\"\n               data-image-slug=\"dsc_0846-2\"\n               class=\"ngg-simplelightbox\" rel=\"ab9bfd03abc1b64141b461ae5fd4a7db\">\n                <img\n                    title=\"DSC_0846\"\n                    alt=\"DSC_0846\"\n                    src=\"http:\/\/muzeum.brzozow.pl\/wp-content\/gallery\/swieto-fotografii\/thumbs\/thumbs_DSC_0846.JPG\"\n                    width=\"240\"\n                    height=\"160\"\n                    style=\"max-width:100%;\"\n                \/>\n            <\/a>\n        <\/div>\n\t\t\t\t\t\t\t<\/div> \n\t\t\t\n\t\t\t\t<div id=\"ngg-image-5\" class=\"ngg-gallery-thumbnail-box \" >\n\t\t\t\t        <div class=\"ngg-gallery-thumbnail\">\n            <a href=\"http:\/\/muzeum.brzozow.pl\/wp-content\/gallery\/swieto-fotografii\/DSC_0852.JPG\"\n               title=\"\"\n               data-src=\"http:\/\/muzeum.brzozow.pl\/wp-content\/gallery\/swieto-fotografii\/DSC_0852.JPG\"\n               data-thumbnail=\"http:\/\/muzeum.brzozow.pl\/wp-content\/gallery\/swieto-fotografii\/thumbs\/thumbs_DSC_0852.JPG\"\n               data-image-id=\"1734\"\n               data-title=\"DSC_0852\"\n               data-description=\"\"\n               data-image-slug=\"dsc_0852-2\"\n               class=\"ngg-simplelightbox\" rel=\"ab9bfd03abc1b64141b461ae5fd4a7db\">\n                <img\n                    title=\"DSC_0852\"\n                    alt=\"DSC_0852\"\n                    src=\"http:\/\/muzeum.brzozow.pl\/wp-content\/gallery\/swieto-fotografii\/thumbs\/thumbs_DSC_0852.JPG\"\n                    width=\"240\"\n                    height=\"160\"\n                    style=\"max-width:100%;\"\n                \/>\n            <\/a>\n        <\/div>\n\t\t\t\t\t\t\t<\/div> \n\t\t\t\n\t\t\t\t<div id=\"ngg-image-6\" class=\"ngg-gallery-thumbnail-box \" >\n\t\t\t\t        <div class=\"ngg-gallery-thumbnail\">\n            <a href=\"http:\/\/muzeum.brzozow.pl\/wp-content\/gallery\/swieto-fotografii\/DSC_0854.JPG\"\n               title=\"\"\n               data-src=\"http:\/\/muzeum.brzozow.pl\/wp-content\/gallery\/swieto-fotografii\/DSC_0854.JPG\"\n               data-thumbnail=\"http:\/\/muzeum.brzozow.pl\/wp-content\/gallery\/swieto-fotografii\/thumbs\/thumbs_DSC_0854.JPG\"\n               data-image-id=\"1728\"\n               data-title=\"DSC_0854\"\n               data-description=\"\"\n               data-image-slug=\"dsc_0854-2\"\n               class=\"ngg-simplelightbox\" rel=\"ab9bfd03abc1b64141b461ae5fd4a7db\">\n                <img\n                    title=\"DSC_0854\"\n                    alt=\"DSC_0854\"\n                    src=\"http:\/\/muzeum.brzozow.pl\/wp-content\/gallery\/swieto-fotografii\/thumbs\/thumbs_DSC_0854.JPG\"\n                    width=\"240\"\n                    height=\"160\"\n                    style=\"max-width:100%;\"\n                \/>\n            <\/a>\n        <\/div>\n\t\t\t\t\t\t\t<\/div> \n\t\t\t\n\t\t\t\t<div id=\"ngg-image-7\" class=\"ngg-gallery-thumbnail-box \" >\n\t\t\t\t        <div class=\"ngg-gallery-thumbnail\">\n            <a href=\"http:\/\/muzeum.brzozow.pl\/wp-content\/gallery\/swieto-fotografii\/DSC_0855.JPG\"\n               title=\"\"\n               data-src=\"http:\/\/muzeum.brzozow.pl\/wp-content\/gallery\/swieto-fotografii\/DSC_0855.JPG\"\n               data-thumbnail=\"http:\/\/muzeum.brzozow.pl\/wp-content\/gallery\/swieto-fotografii\/thumbs\/thumbs_DSC_0855.JPG\"\n               data-image-id=\"1730\"\n               data-title=\"DSC_0855\"\n               data-description=\"\"\n               data-image-slug=\"dsc_0855\"\n               class=\"ngg-simplelightbox\" rel=\"ab9bfd03abc1b64141b461ae5fd4a7db\">\n                <img\n                    title=\"DSC_0855\"\n                    alt=\"DSC_0855\"\n                    src=\"http:\/\/muzeum.brzozow.pl\/wp-content\/gallery\/swieto-fotografii\/thumbs\/thumbs_DSC_0855.JPG\"\n                    width=\"240\"\n                    height=\"160\"\n                    style=\"max-width:100%;\"\n                \/>\n            <\/a>\n        <\/div>\n\t\t\t\t\t\t\t<\/div> \n\t\t\t\n\t\t\t\t<div id=\"ngg-image-8\" class=\"ngg-gallery-thumbnail-box \" >\n\t\t\t\t        <div class=\"ngg-gallery-thumbnail\">\n            <a href=\"http:\/\/muzeum.brzozow.pl\/wp-content\/gallery\/swieto-fotografii\/DSC_0862.JPG\"\n               title=\"\"\n               data-src=\"http:\/\/muzeum.brzozow.pl\/wp-content\/gallery\/swieto-fotografii\/DSC_0862.JPG\"\n               data-thumbnail=\"http:\/\/muzeum.brzozow.pl\/wp-content\/gallery\/swieto-fotografii\/thumbs\/thumbs_DSC_0862.JPG\"\n               data-image-id=\"1731\"\n               data-title=\"DSC_0862\"\n               data-description=\"\"\n               data-image-slug=\"dsc_0862\"\n               class=\"ngg-simplelightbox\" rel=\"ab9bfd03abc1b64141b461ae5fd4a7db\">\n                <img\n                    title=\"DSC_0862\"\n                    alt=\"DSC_0862\"\n                    src=\"http:\/\/muzeum.brzozow.pl\/wp-content\/gallery\/swieto-fotografii\/thumbs\/thumbs_DSC_0862.JPG\"\n                    width=\"240\"\n                    height=\"160\"\n                    style=\"max-width:100%;\"\n                \/>\n            <\/a>\n        <\/div>\n\t\t\t\t\t\t\t<\/div> \n\t\t\t\n\t\t\t\t<div id=\"ngg-image-9\" class=\"ngg-gallery-thumbnail-box \" >\n\t\t\t\t        <div class=\"ngg-gallery-thumbnail\">\n            <a href=\"http:\/\/muzeum.brzozow.pl\/wp-content\/gallery\/swieto-fotografii\/DSC_0871.JPG\"\n               title=\"\"\n               data-src=\"http:\/\/muzeum.brzozow.pl\/wp-content\/gallery\/swieto-fotografii\/DSC_0871.JPG\"\n               data-thumbnail=\"http:\/\/muzeum.brzozow.pl\/wp-content\/gallery\/swieto-fotografii\/thumbs\/thumbs_DSC_0871.JPG\"\n               data-image-id=\"1732\"\n               data-title=\"DSC_0871\"\n               data-description=\"\"\n               data-image-slug=\"dsc_0871\"\n               class=\"ngg-simplelightbox\" rel=\"ab9bfd03abc1b64141b461ae5fd4a7db\">\n                <img\n                    title=\"DSC_0871\"\n                    alt=\"DSC_0871\"\n                    src=\"http:\/\/muzeum.brzozow.pl\/wp-content\/gallery\/swieto-fotografii\/thumbs\/thumbs_DSC_0871.JPG\"\n                    width=\"240\"\n                    height=\"160\"\n                    style=\"max-width:100%;\"\n                \/>\n            <\/a>\n        <\/div>\n\t\t\t\t\t\t\t<\/div> \n\t\t\t\n\t\t\t\t<div id=\"ngg-image-10\" class=\"ngg-gallery-thumbnail-box \" >\n\t\t\t\t        <div class=\"ngg-gallery-thumbnail\">\n            <a href=\"http:\/\/muzeum.brzozow.pl\/wp-content\/gallery\/swieto-fotografii\/DSC_0877.JPG\"\n               title=\"\"\n               data-src=\"http:\/\/muzeum.brzozow.pl\/wp-content\/gallery\/swieto-fotografii\/DSC_0877.JPG\"\n               data-thumbnail=\"http:\/\/muzeum.brzozow.pl\/wp-content\/gallery\/swieto-fotografii\/thumbs\/thumbs_DSC_0877.JPG\"\n               data-image-id=\"1733\"\n               data-title=\"DSC_0877\"\n               data-description=\"\"\n               data-image-slug=\"dsc_0877-2\"\n               class=\"ngg-simplelightbox\" rel=\"ab9bfd03abc1b64141b461ae5fd4a7db\">\n                <img\n                    title=\"DSC_0877\"\n                    alt=\"DSC_0877\"\n                    src=\"http:\/\/muzeum.brzozow.pl\/wp-content\/gallery\/swieto-fotografii\/thumbs\/thumbs_DSC_0877.JPG\"\n                    width=\"240\"\n                    height=\"160\"\n                    style=\"max-width:100%;\"\n                \/>\n            <\/a>\n        <\/div>\n\t\t\t\t\t\t\t<\/div> \n\t\t\t\n\t\t\t\t<div id=\"ngg-image-11\" class=\"ngg-gallery-thumbnail-box \" >\n\t\t\t\t        <div class=\"ngg-gallery-thumbnail\">\n            <a href=\"http:\/\/muzeum.brzozow.pl\/wp-content\/gallery\/swieto-fotografii\/DSC_0889.JPG\"\n               title=\"\"\n               data-src=\"http:\/\/muzeum.brzozow.pl\/wp-content\/gallery\/swieto-fotografii\/DSC_0889.JPG\"\n               data-thumbnail=\"http:\/\/muzeum.brzozow.pl\/wp-content\/gallery\/swieto-fotografii\/thumbs\/thumbs_DSC_0889.JPG\"\n               data-image-id=\"1735\"\n               data-title=\"DSC_0889\"\n               data-description=\"\"\n               data-image-slug=\"dsc_0889-2\"\n               class=\"ngg-simplelightbox\" rel=\"ab9bfd03abc1b64141b461ae5fd4a7db\">\n                <img\n                    title=\"DSC_0889\"\n                    alt=\"DSC_0889\"\n                    src=\"http:\/\/muzeum.brzozow.pl\/wp-content\/gallery\/swieto-fotografii\/thumbs\/thumbs_DSC_0889.JPG\"\n                    width=\"240\"\n                    height=\"160\"\n                    style=\"max-width:100%;\"\n                \/>\n            <\/a>\n        <\/div>\n\t\t\t\t\t\t\t<\/div> \n\t\t\t\n\t\t\t\t<div id=\"ngg-image-12\" class=\"ngg-gallery-thumbnail-box \" >\n\t\t\t\t        <div class=\"ngg-gallery-thumbnail\">\n            <a href=\"http:\/\/muzeum.brzozow.pl\/wp-content\/gallery\/swieto-fotografii\/DSC_0900.JPG\"\n               title=\"\"\n               data-src=\"http:\/\/muzeum.brzozow.pl\/wp-content\/gallery\/swieto-fotografii\/DSC_0900.JPG\"\n               data-thumbnail=\"http:\/\/muzeum.brzozow.pl\/wp-content\/gallery\/swieto-fotografii\/thumbs\/thumbs_DSC_0900.JPG\"\n               data-image-id=\"1737\"\n               data-title=\"DSC_0900\"\n               data-description=\"\"\n               data-image-slug=\"dsc_0900\"\n               class=\"ngg-simplelightbox\" rel=\"ab9bfd03abc1b64141b461ae5fd4a7db\">\n                <img\n                    title=\"DSC_0900\"\n                    alt=\"DSC_0900\"\n                    src=\"http:\/\/muzeum.brzozow.pl\/wp-content\/gallery\/swieto-fotografii\/thumbs\/thumbs_DSC_0900.JPG\"\n                    width=\"240\"\n                    height=\"160\"\n                    style=\"max-width:100%;\"\n                \/>\n            <\/a>\n        <\/div>\n\t\t\t\t\t\t\t<\/div> \n\t\t\t\n\t\t\t\t<div id=\"ngg-image-13\" class=\"ngg-gallery-thumbnail-box \" >\n\t\t\t\t        <div class=\"ngg-gallery-thumbnail\">\n            <a href=\"http:\/\/muzeum.brzozow.pl\/wp-content\/gallery\/swieto-fotografii\/DSC_0901.JPG\"\n               title=\"\"\n               data-src=\"http:\/\/muzeum.brzozow.pl\/wp-content\/gallery\/swieto-fotografii\/DSC_0901.JPG\"\n               data-thumbnail=\"http:\/\/muzeum.brzozow.pl\/wp-content\/gallery\/swieto-fotografii\/thumbs\/thumbs_DSC_0901.JPG\"\n               data-image-id=\"1736\"\n               data-title=\"DSC_0901\"\n               data-description=\"\"\n               data-image-slug=\"dsc_0901\"\n               class=\"ngg-simplelightbox\" rel=\"ab9bfd03abc1b64141b461ae5fd4a7db\">\n                <img\n                    title=\"DSC_0901\"\n                    alt=\"DSC_0901\"\n                    src=\"http:\/\/muzeum.brzozow.pl\/wp-content\/gallery\/swieto-fotografii\/thumbs\/thumbs_DSC_0901.JPG\"\n                    width=\"240\"\n                    height=\"160\"\n                    style=\"max-width:100%;\"\n                \/>\n            <\/a>\n        <\/div>\n\t\t\t\t\t\t\t<\/div> \n\t\t\t\n\t\t\t\t<div id=\"ngg-image-14\" class=\"ngg-gallery-thumbnail-box \" >\n\t\t\t\t        <div class=\"ngg-gallery-thumbnail\">\n            <a href=\"http:\/\/muzeum.brzozow.pl\/wp-content\/gallery\/swieto-fotografii\/DSC_0939.JPG\"\n               title=\"\"\n               data-src=\"http:\/\/muzeum.brzozow.pl\/wp-content\/gallery\/swieto-fotografii\/DSC_0939.JPG\"\n               data-thumbnail=\"http:\/\/muzeum.brzozow.pl\/wp-content\/gallery\/swieto-fotografii\/thumbs\/thumbs_DSC_0939.JPG\"\n               data-image-id=\"1738\"\n               data-title=\"DSC_0939\"\n               data-description=\"\"\n               data-image-slug=\"dsc_0939-1\"\n               class=\"ngg-simplelightbox\" rel=\"ab9bfd03abc1b64141b461ae5fd4a7db\">\n                <img\n                    title=\"DSC_0939\"\n                    alt=\"DSC_0939\"\n                    src=\"http:\/\/muzeum.brzozow.pl\/wp-content\/gallery\/swieto-fotografii\/thumbs\/thumbs_DSC_0939.JPG\"\n                    width=\"240\"\n                    height=\"160\"\n                    style=\"max-width:100%;\"\n                \/>\n            <\/a>\n        <\/div>\n\t\t\t\t\t\t\t<\/div> \n\t\t\t\n\t\t\t\t<div id=\"ngg-image-15\" class=\"ngg-gallery-thumbnail-box \" >\n\t\t\t\t        <div class=\"ngg-gallery-thumbnail\">\n            <a href=\"http:\/\/muzeum.brzozow.pl\/wp-content\/gallery\/swieto-fotografii\/DSC_0943.JPG\"\n               title=\"\"\n               data-src=\"http:\/\/muzeum.brzozow.pl\/wp-content\/gallery\/swieto-fotografii\/DSC_0943.JPG\"\n               data-thumbnail=\"http:\/\/muzeum.brzozow.pl\/wp-content\/gallery\/swieto-fotografii\/thumbs\/thumbs_DSC_0943.JPG\"\n               data-image-id=\"1739\"\n               data-title=\"DSC_0943\"\n               data-description=\"\"\n               data-image-slug=\"dsc_0943-1\"\n               class=\"ngg-simplelightbox\" rel=\"ab9bfd03abc1b64141b461ae5fd4a7db\">\n                <img\n                    title=\"DSC_0943\"\n                    alt=\"DSC_0943\"\n                    src=\"http:\/\/muzeum.brzozow.pl\/wp-content\/gallery\/swieto-fotografii\/thumbs\/thumbs_DSC_0943.JPG\"\n                    width=\"240\"\n                    height=\"160\"\n                    style=\"max-width:100%;\"\n                \/>\n            <\/a>\n        <\/div>\n\t\t\t\t\t\t\t<\/div> \n\t\t\t\n\t\t\t\t<div id=\"ngg-image-16\" class=\"ngg-gallery-thumbnail-box \" >\n\t\t\t\t        <div class=\"ngg-gallery-thumbnail\">\n            <a href=\"http:\/\/muzeum.brzozow.pl\/wp-content\/gallery\/swieto-fotografii\/DSC_0949.JPG\"\n               title=\"\"\n               data-src=\"http:\/\/muzeum.brzozow.pl\/wp-content\/gallery\/swieto-fotografii\/DSC_0949.JPG\"\n               data-thumbnail=\"http:\/\/muzeum.brzozow.pl\/wp-content\/gallery\/swieto-fotografii\/thumbs\/thumbs_DSC_0949.JPG\"\n               data-image-id=\"1741\"\n               data-title=\"DSC_0949\"\n               data-description=\"\"\n               data-image-slug=\"dsc_0949\"\n               class=\"ngg-simplelightbox\" rel=\"ab9bfd03abc1b64141b461ae5fd4a7db\">\n                <img\n                    title=\"DSC_0949\"\n                    alt=\"DSC_0949\"\n                    src=\"http:\/\/muzeum.brzozow.pl\/wp-content\/gallery\/swieto-fotografii\/thumbs\/thumbs_DSC_0949.JPG\"\n                    width=\"240\"\n                    height=\"160\"\n                    style=\"max-width:100%;\"\n                \/>\n            <\/a>\n        <\/div>\n\t\t\t\t\t\t\t<\/div> \n\t\t\t\n\t\t\t\t<div id=\"ngg-image-17\" class=\"ngg-gallery-thumbnail-box \" >\n\t\t\t\t        <div class=\"ngg-gallery-thumbnail\">\n            <a href=\"http:\/\/muzeum.brzozow.pl\/wp-content\/gallery\/swieto-fotografii\/DSC_0951.JPG\"\n               title=\"\"\n               data-src=\"http:\/\/muzeum.brzozow.pl\/wp-content\/gallery\/swieto-fotografii\/DSC_0951.JPG\"\n               data-thumbnail=\"http:\/\/muzeum.brzozow.pl\/wp-content\/gallery\/swieto-fotografii\/thumbs\/thumbs_DSC_0951.JPG\"\n               data-image-id=\"1740\"\n               data-title=\"DSC_0951\"\n               data-description=\"\"\n               data-image-slug=\"dsc_0951-1\"\n               class=\"ngg-simplelightbox\" rel=\"ab9bfd03abc1b64141b461ae5fd4a7db\">\n                <img\n                    title=\"DSC_0951\"\n                    alt=\"DSC_0951\"\n                    src=\"http:\/\/muzeum.brzozow.pl\/wp-content\/gallery\/swieto-fotografii\/thumbs\/thumbs_DSC_0951.JPG\"\n                    width=\"240\"\n                    height=\"160\"\n                    style=\"max-width:100%;\"\n                \/>\n            <\/a>\n        <\/div>\n\t\t\t\t\t\t\t<\/div> \n\t\t\t\n\t\t\t\t<div id=\"ngg-image-18\" class=\"ngg-gallery-thumbnail-box \" >\n\t\t\t\t        <div class=\"ngg-gallery-thumbnail\">\n            <a href=\"http:\/\/muzeum.brzozow.pl\/wp-content\/gallery\/swieto-fotografii\/DSC_0966.JPG\"\n               title=\"\"\n               data-src=\"http:\/\/muzeum.brzozow.pl\/wp-content\/gallery\/swieto-fotografii\/DSC_0966.JPG\"\n               data-thumbnail=\"http:\/\/muzeum.brzozow.pl\/wp-content\/gallery\/swieto-fotografii\/thumbs\/thumbs_DSC_0966.JPG\"\n               data-image-id=\"1744\"\n               data-title=\"DSC_0966\"\n               data-description=\"\"\n               data-image-slug=\"dsc_0966\"\n               class=\"ngg-simplelightbox\" rel=\"ab9bfd03abc1b64141b461ae5fd4a7db\">\n                <img\n                    title=\"DSC_0966\"\n                    alt=\"DSC_0966\"\n                    src=\"http:\/\/muzeum.brzozow.pl\/wp-content\/gallery\/swieto-fotografii\/thumbs\/thumbs_DSC_0966.JPG\"\n                    width=\"240\"\n                    height=\"160\"\n                    style=\"max-width:100%;\"\n                \/>\n            <\/a>\n        <\/div>\n\t\t\t\t\t\t\t<\/div> \n\t\t\t\n\t\t\t\t<div id=\"ngg-image-19\" class=\"ngg-gallery-thumbnail-box \" >\n\t\t\t\t        <div class=\"ngg-gallery-thumbnail\">\n            <a href=\"http:\/\/muzeum.brzozow.pl\/wp-content\/gallery\/swieto-fotografii\/DSC_0963.JPG\"\n               title=\"\"\n               data-src=\"http:\/\/muzeum.brzozow.pl\/wp-content\/gallery\/swieto-fotografii\/DSC_0963.JPG\"\n               data-thumbnail=\"http:\/\/muzeum.brzozow.pl\/wp-content\/gallery\/swieto-fotografii\/thumbs\/thumbs_DSC_0963.JPG\"\n               data-image-id=\"1743\"\n               data-title=\"DSC_0963\"\n               data-description=\"\"\n               data-image-slug=\"dsc_0963\"\n               class=\"ngg-simplelightbox\" rel=\"ab9bfd03abc1b64141b461ae5fd4a7db\">\n                <img\n                    title=\"DSC_0963\"\n                    alt=\"DSC_0963\"\n                    src=\"http:\/\/muzeum.brzozow.pl\/wp-content\/gallery\/swieto-fotografii\/thumbs\/thumbs_DSC_0963.JPG\"\n                    width=\"240\"\n                    height=\"160\"\n                    style=\"max-width:100%;\"\n                \/>\n            <\/a>\n        <\/div>\n\t\t\t\t\t\t\t<\/div> \n\t\t\t\n\t\t\t\t<div id=\"ngg-image-20\" class=\"ngg-gallery-thumbnail-box \" >\n\t\t\t\t        <div class=\"ngg-gallery-thumbnail\">\n            <a href=\"http:\/\/muzeum.brzozow.pl\/wp-content\/gallery\/swieto-fotografii\/DSC_0953.JPG\"\n               title=\"\"\n               data-src=\"http:\/\/muzeum.brzozow.pl\/wp-content\/gallery\/swieto-fotografii\/DSC_0953.JPG\"\n               data-thumbnail=\"http:\/\/muzeum.brzozow.pl\/wp-content\/gallery\/swieto-fotografii\/thumbs\/thumbs_DSC_0953.JPG\"\n               data-image-id=\"1742\"\n               data-title=\"DSC_0953\"\n               data-description=\"\"\n               data-image-slug=\"dsc_0953-1\"\n               class=\"ngg-simplelightbox\" rel=\"ab9bfd03abc1b64141b461ae5fd4a7db\">\n                <img\n                    title=\"DSC_0953\"\n                    alt=\"DSC_0953\"\n                    src=\"http:\/\/muzeum.brzozow.pl\/wp-content\/gallery\/swieto-fotografii\/thumbs\/thumbs_DSC_0953.JPG\"\n                    width=\"240\"\n                    height=\"160\"\n                    style=\"max-width:100%;\"\n                \/>\n            <\/a>\n        <\/div>\n\t\t\t\t\t\t\t<\/div> \n\t\t\t\n\t\t\t\t<div id=\"ngg-image-21\" class=\"ngg-gallery-thumbnail-box \" >\n\t\t\t\t        <div class=\"ngg-gallery-thumbnail\">\n            <a href=\"http:\/\/muzeum.brzozow.pl\/wp-content\/gallery\/swieto-fotografii\/DSC_0970.JPG\"\n               title=\"\"\n               data-src=\"http:\/\/muzeum.brzozow.pl\/wp-content\/gallery\/swieto-fotografii\/DSC_0970.JPG\"\n               data-thumbnail=\"http:\/\/muzeum.brzozow.pl\/wp-content\/gallery\/swieto-fotografii\/thumbs\/thumbs_DSC_0970.JPG\"\n               data-image-id=\"1745\"\n               data-title=\"DSC_0970\"\n               data-description=\"\"\n               data-image-slug=\"dsc_0970\"\n               class=\"ngg-simplelightbox\" rel=\"ab9bfd03abc1b64141b461ae5fd4a7db\">\n                <img\n                    title=\"DSC_0970\"\n                    alt=\"DSC_0970\"\n                    src=\"http:\/\/muzeum.brzozow.pl\/wp-content\/gallery\/swieto-fotografii\/thumbs\/thumbs_DSC_0970.JPG\"\n                    width=\"240\"\n                    height=\"160\"\n                    style=\"max-width:100%;\"\n                \/>\n            <\/a>\n        <\/div>\n\t\t\t\t\t\t\t<\/div> \n\t\t\t\n\t\t\t\t<div id=\"ngg-image-22\" class=\"ngg-gallery-thumbnail-box \" >\n\t\t\t\t        <div class=\"ngg-gallery-thumbnail\">\n            <a href=\"http:\/\/muzeum.brzozow.pl\/wp-content\/gallery\/swieto-fotografii\/DSC_0031.JPG\"\n               title=\"\"\n               data-src=\"http:\/\/muzeum.brzozow.pl\/wp-content\/gallery\/swieto-fotografii\/DSC_0031.JPG\"\n               data-thumbnail=\"http:\/\/muzeum.brzozow.pl\/wp-content\/gallery\/swieto-fotografii\/thumbs\/thumbs_DSC_0031.JPG\"\n               data-image-id=\"1714\"\n               data-title=\"DSC_0031\"\n               data-description=\"\"\n               data-image-slug=\"dsc_0031-3\"\n               class=\"ngg-simplelightbox\" rel=\"ab9bfd03abc1b64141b461ae5fd4a7db\">\n                <img\n                    title=\"DSC_0031\"\n                    alt=\"DSC_0031\"\n                    src=\"http:\/\/muzeum.brzozow.pl\/wp-content\/gallery\/swieto-fotografii\/thumbs\/thumbs_DSC_0031.JPG\"\n                    width=\"240\"\n                    height=\"160\"\n                    style=\"max-width:100%;\"\n                \/>\n            <\/a>\n        <\/div>\n\t\t\t\t\t\t\t<\/div> \n\t\t\t\n\t\t\t\t<div id=\"ngg-image-23\" class=\"ngg-gallery-thumbnail-box \" >\n\t\t\t\t        <div class=\"ngg-gallery-thumbnail\">\n            <a href=\"http:\/\/muzeum.brzozow.pl\/wp-content\/gallery\/swieto-fotografii\/DSC_0010.JPG\"\n               title=\"\"\n               data-src=\"http:\/\/muzeum.brzozow.pl\/wp-content\/gallery\/swieto-fotografii\/DSC_0010.JPG\"\n               data-thumbnail=\"http:\/\/muzeum.brzozow.pl\/wp-content\/gallery\/swieto-fotografii\/thumbs\/thumbs_DSC_0010.JPG\"\n               data-image-id=\"1718\"\n               data-title=\"DSC_0010\"\n               data-description=\"\"\n               data-image-slug=\"dsc_0010-1\"\n               class=\"ngg-simplelightbox\" rel=\"ab9bfd03abc1b64141b461ae5fd4a7db\">\n                <img\n                    title=\"DSC_0010\"\n                    alt=\"DSC_0010\"\n                    src=\"http:\/\/muzeum.brzozow.pl\/wp-content\/gallery\/swieto-fotografii\/thumbs\/thumbs_DSC_0010.JPG\"\n                    width=\"240\"\n                    height=\"160\"\n                    style=\"max-width:100%;\"\n                \/>\n            <\/a>\n        <\/div>\n\t\t\t\t\t\t\t<\/div> \n\t\t\t\n\t\n\t<br style=\"clear: both\" \/>\n\n\t\n\t\t<!-- Pagination -->\n\t<div class='ngg-navigation'><span class='current'>1<\/span>\n<a class='page-numbers' data-pageid='2' href='http:\/\/muzeum.brzozow.pl\/index.php\/nggallery\/page\/2?p=8052'>2<\/a>\n<a class='prev' href='http:\/\/muzeum.brzozow.pl\/index.php\/nggallery\/page\/2?p=8052' data-pageid=2>&#9658;<\/a><\/div>\t<\/div>\n\n","protected":false},"excerpt":{"rendered":"<p>Zdj\u0119cia czarno-bia\u0142e maj\u0105 moc. Ogromn\u0105<\/p>\n","protected":false},"author":1,"featured_media":8054,"comment_status":"open","ping_status":"open","sticky":false,"template":"","format":"standard","meta":{"ngg_post_thumbnail":0},"categories":[1],"tags":[],"_links":{"self":[{"href":"http:\/\/muzeum.brzozow.pl\/index.php?rest_route=\/wp\/v2\/posts\/8052"}],"collection":[{"href":"http:\/\/muzeum.brzozow.pl\/index.php?rest_route=\/wp\/v2\/posts"}],"about":[{"href":"http:\/\/muzeum.brzozow.pl\/index.php?rest_route=\/wp\/v2\/types\/post"}],"author":[{"embeddable":true,"href":"http:\/\/muzeum.brzozow.pl\/index.php?rest_route=\/wp\/v2\/users\/1"}],"replies":[{"embeddable":true,"href":"http:\/\/muzeum.brzozow.pl\/index.php?rest_route=%2Fwp%2Fv2%2Fcomments&post=8052"}],"version-history":[{"count":2,"href":"http:\/\/muzeum.brzozow.pl\/index.php?rest_route=\/wp\/v2\/posts\/8052\/revisions"}],"predecessor-version":[{"id":8055,"href":"http:\/\/muzeum.brzozow.pl\/index.php?rest_route=\/wp\/v2\/posts\/8052\/revisions\/8055"}],"wp:featuredmedia":[{"embeddable":true,"href":"http:\/\/muzeum.brzozow.pl\/index.php?rest_route=\/wp\/v2\/media\/8054"}],"wp:attachment":[{"href":"http:\/\/muzeum.brzozow.pl\/index.php?rest_route=%2Fwp%2Fv2%2Fmedia&parent=8052"}],"wp:term":[{"taxonomy":"category","embeddable":true,"href":"http:\/\/muzeum.brzozow.pl\/index.php?rest_route=%2Fwp%2Fv2%2Fcategories&post=8052"},{"taxonomy":"post_tag","embeddable":true,"href":"http:\/\/muzeum.brzozow.pl\/index.php?rest_route=%2Fwp%2Fv2%2Ftags&post=8052"}],"curies":[{"name":"wp","href":"https:\/\/api.w.org\/{rel}","templated":true}]}}