{"id":7777,"date":"2024-07-18T12:10:00","date_gmt":"2024-07-18T10:10:00","guid":{"rendered":"http:\/\/muzeum.brzozow.pl\/?p=7777"},"modified":"2025-03-11T12:15:30","modified_gmt":"2025-03-11T11:15:30","slug":"sciezki-wspomnien-katarzyny-chudzik-gierlach-oraz-koncert-joanny-mioduchowskiej","status":"publish","type":"post","link":"http:\/\/muzeum.brzozow.pl\/?p=7777","title":{"rendered":"&#8222;\u015acie\u017cki wspomnie\u0144&#8221; Katarzyny Chudzik-Gierlach oraz koncert Joanny Mioduchowskiej"},"content":{"rendered":"\n<p>Wernisa\u017c grafiki i rysunku Katarzyny Chudzik-Gierlach zgromadzi\u0142 w poniedzia\u0142kowe popo\u0142udnie, 15 lipca, mi\u0142o\u015bnik\u00f3w sztuki oraz przyjaci\u00f3\u0142 Artystki z Korczyny.<\/p>\n\n\n\n<p>Katarzyna Chudzik-Gierlach urodzi\u0142a si\u0119 w 1969 r. na \u015al\u0105sku. Dziadkowie pochodzili z okolic Krosna. W latach 1993-1998 studiowa\u0142a w Akademii Sztuk Pi\u0119knych w Krakowie, na Wydziale Grafiki w Katowicach. Dyplom wyr\u00f3\u017cniony medalem otrzyma\u0142a w 1998 r., w Pracowni Malarstwa i Rysunku prof. Jacka Ryka\u0142y i w Pracowni Grafiki Warsztatowej prof. Romana Staraka. W 2010 r. otrzyma\u0142a stopie\u0144 doktora sztuki na Wydziale Artystycznym Akademii Sztuk Pi\u0119knych w Katowicach, w dyscyplinie Sztuki Plastyczne i Konserwacja Dzie\u0142 Sztuki. Do\u015bwiadczenia zawodowe zdobywa\u0142a pracuj\u0105c jako instruktor warsztat\u00f3w graficznych dla m\u0142odzie\u017cy, kierownik galerii sztuki i nauczyciel akademicki. Po kilkuletnim pobycie za granic\u0105 wr\u00f3ci\u0142a do Polski i w 2019 r. przeprowadzi\u0142a si\u0119 ze \u015al\u0105ska w rodzinne strony na Podkarpaciu. Pracuje nad seri\u0105 obiekt\u00f3w artystycznych inspirowanych regionem Podkarpacia, \u0142\u0105cz\u0105cych techniki tradycyjne (rysunek, malarstwo, grafika) z nowymi technologiami. <\/p>\n\n\n\n<p>Jej dorobek artystyczny to udzia\u0142 w kilkudziesi\u0119ciu wystawach i konkursach og\u00f3lnopolskich i mi\u0119dzynarodowych. Na ekspozycji w Muzeum Regionalnym w Brzozowie prezentuje 7 rysunk\u00f3w na folii, 5 prac graficznych na papierze i 5 prac na szkle. <\/p>\n\n\n\n<p>W spotkaniu udzia\u0142 wzi\u0119li m.in.: Adam \u015anie\u017cek \u2013 Radny do Sejmiku Wojew\u00f3dztwa Podkarpackiego, Mariola Pilszak \u2013 Radna Rady Miejskiej w Brzozowie, Przewodnicz\u0105ca Komisji Kultury, O\u015bwiaty, Sportu, Turystyki i Wypoczynku, a zarazem Przewodnicz\u0105ca Rady Muzeum Regionalnego w Brzozowie, Katarzyna Urbanek \u2013 Zast\u0119pca W\u00f3jta Gminy Korczyna, Aleksandra Prugar \u2013 Dyrektor Gminnego O\u015brodka Kultury w Korczynie, Halina Ko\u015bci\u0144ska \u2013 emerytowana dyrektor brzozowskiego Muzeum oraz Rodzina \u2013 m\u0105\u017c Jerzy i syn Piotr, Przyjaciele i Znajomi bohaterki wernisa\u017cu \u2013 Katarzyny Chudzik-Gierlach. <\/p>\n\n\n\n<p>Wydarzeniu towarzyszy\u0142 koncert Joanny Mioduchowskiej, znanej warszawskiej songwriterce. Jest autork\u0105 piosenek w \u0142agodnych klimatach, z nutk\u0105 poezji, du\u017c\u0105 doz\u0105 dystansu do \u015bwiata, ciep\u0142a i harmonii. Jej utwory znalaz\u0142y uznanie zar\u00f3wno w kr\u0119gach piosenki autorskiej, poezji \u015bpiewanej, muzyki folk i blues, ostatnio tak\u017ce muzyki country. \u015apiewa akompaniuj\u0105c sobie na gitarze i harmonijkach ustnych solo lub w wi\u0119kszym sk\u0142adzie instrumentalnym. Laureatka wielu muzycznych festiwali piosenki autorskiej i poetyckiej m.in. Mi\u0119dzynarodowy Festiwal Bard\u00f3w OPPA 2010 \u2013 Z\u0142ota Pi\u0105tka, Mi\u0119dzynarodowy Festiwal Piosenki Autorskiej \u2013 Poetyckie Rubie\u017ce 2012 \u2013 Grand Prix, OSZPA-ORAN\u017bERIA 2007 \u2013 Nagroda im. Agaty Budzy\u0144skiej, NOWE BRZMIENIE WARSZAWSKICH ULIC 2022 \u2013 wyr\u00f3\u017cnienie za piosenk\u0119 \u201eJurek\u201d oraz 2023 \u2013 wyr\u00f3\u017cnienie za piosenk\u0119 \u201eW moim wielkim mie\u015bcie\u201d. Autorka s\u0142\u00f3w piosenki \u201eWarszawiak\u201d \u2013 Warszawskiego Przeboju Roku 2022 w wykonaniu Krzysztofa Tkaczyka (Plebiscyt Warsaw Tribute 2022). Nale\u017cy do Grupy Literacko- Muzycznej Terra Poetica. <\/p>\n\n\n\n<p>W repertuarze Joanny Mioduchowskiej, opr\u00f3cz piosenek autorskich, znajduj\u0105 si\u0119 tak\u017ce piosenki do s\u0142\u00f3w poet\u00f3w klasyk\u00f3w \u2013 Juliana Tuwima, Boles\u0142awa Le\u015bmiana, Jaros\u0142awa Iwaszkiewicza, Adama Asnyka, Konstantego Ildefonsa Ga\u0142czy\u0144skiego oraz wsp\u00f3\u0142czesnych \u2013 Romy Rappe, Tadeusza Knyziaka, Wes\u0142awy Kwnto-Koczan, Ma\u0142gorzaty Krusiewcz i innych, z w\u0142asn\u0105 muzyk\u0105 Joanny. Wydane p\u0142yty: \u201eBujam w ob\u0142okach\u201d (2015 r.), \u201ePere\u0142ki\u201d (2018 r.), \u201ePomi\u0119dzy gestami\u201d (2020 r.), \u201e\u017byj ka\u017cd\u0105 chwil\u0105\u201d (2021 r.), \u201eZwiewno\u015b\u0107 dnia codziennego\u201d (2022 r.).<\/p>\n\n\n\n<p>Joanna Mioduchowska oczarowa\u0142a brzozowsk\u0105 publiczno\u015b\u0107 piosenkami, kt\u00f3re m\u00f3wi\u0105 o sprawach zwyczajnych: o mi\u0142o\u015bci, o t\u0119sknocie, o tym, \u017ce jeszcze co\u015b przed nami. A ka\u017cda z nich jest jakby kr\u00f3tkim filozoficznym przes\u0142aniem. <\/p>\n\n\n\n<p>Serdecznie zapraszamy do zwiedzania ekspozycji \u201e\u015acie\u017cki wspomnie\u0144\u201d Katarzyny Chudzik-Gierlach, kt\u00f3r\u0105 w brzozowskim Muzeum mo\u017cna obejrze\u0107 do 14 sierpnia.<\/p>\n\n\n\n<p>fot. Marek W\u00f3jcik<\/p>\n\n\n\n<!-- default-view.php -->\n<div\n\tclass=\"ngg-galleryoverview default-view \"\n\tid=\"ngg-gallery-74f4f2b94dd31992775d85c2a96c1cc2-1\">\n\n\t\t<!-- Thumbnails -->\n\t\t\t\t<div id=\"ngg-image-0\" class=\"ngg-gallery-thumbnail-box \" >\n\t\t\t\t        <div class=\"ngg-gallery-thumbnail\">\n            <a href=\"http:\/\/muzeum.brzozow.pl\/wp-content\/gallery\/wernisaz-katarzyna-chudzik-gerlach\/A09I0396.jpg\"\n               title=\"\"\n               data-src=\"http:\/\/muzeum.brzozow.pl\/wp-content\/gallery\/wernisaz-katarzyna-chudzik-gerlach\/A09I0396.jpg\"\n               data-thumbnail=\"http:\/\/muzeum.brzozow.pl\/wp-content\/gallery\/wernisaz-katarzyna-chudzik-gerlach\/thumbs\/thumbs_A09I0396.jpg\"\n               data-image-id=\"1471\"\n               data-title=\"A09I0396\"\n               data-description=\"\"\n               data-image-slug=\"a09i0396\"\n               class=\"ngg-simplelightbox\" rel=\"74f4f2b94dd31992775d85c2a96c1cc2\">\n                <img\n                    title=\"A09I0396\"\n                    alt=\"A09I0396\"\n                    src=\"http:\/\/muzeum.brzozow.pl\/wp-content\/gallery\/wernisaz-katarzyna-chudzik-gerlach\/thumbs\/thumbs_A09I0396.jpg\"\n                    width=\"240\"\n                    height=\"160\"\n                    style=\"max-width:100%;\"\n                \/>\n            <\/a>\n        <\/div>\n\t\t\t\t\t\t\t<\/div> \n\t\t\t\n\t\t\t\t<div id=\"ngg-image-1\" class=\"ngg-gallery-thumbnail-box \" >\n\t\t\t\t        <div class=\"ngg-gallery-thumbnail\">\n            <a href=\"http:\/\/muzeum.brzozow.pl\/wp-content\/gallery\/wernisaz-katarzyna-chudzik-gerlach\/A09I0393.jpg\"\n               title=\"\"\n               data-src=\"http:\/\/muzeum.brzozow.pl\/wp-content\/gallery\/wernisaz-katarzyna-chudzik-gerlach\/A09I0393.jpg\"\n               data-thumbnail=\"http:\/\/muzeum.brzozow.pl\/wp-content\/gallery\/wernisaz-katarzyna-chudzik-gerlach\/thumbs\/thumbs_A09I0393.jpg\"\n               data-image-id=\"1470\"\n               data-title=\"A09I0393\"\n               data-description=\"\"\n               data-image-slug=\"a09i0393\"\n               class=\"ngg-simplelightbox\" rel=\"74f4f2b94dd31992775d85c2a96c1cc2\">\n                <img\n                    title=\"A09I0393\"\n                    alt=\"A09I0393\"\n                    src=\"http:\/\/muzeum.brzozow.pl\/wp-content\/gallery\/wernisaz-katarzyna-chudzik-gerlach\/thumbs\/thumbs_A09I0393.jpg\"\n                    width=\"240\"\n                    height=\"160\"\n                    style=\"max-width:100%;\"\n                \/>\n            <\/a>\n        <\/div>\n\t\t\t\t\t\t\t<\/div> \n\t\t\t\n\t\t\t\t<div id=\"ngg-image-2\" class=\"ngg-gallery-thumbnail-box \" >\n\t\t\t\t        <div class=\"ngg-gallery-thumbnail\">\n            <a href=\"http:\/\/muzeum.brzozow.pl\/wp-content\/gallery\/wernisaz-katarzyna-chudzik-gerlach\/A09I0387.jpg\"\n               title=\"\"\n               data-src=\"http:\/\/muzeum.brzozow.pl\/wp-content\/gallery\/wernisaz-katarzyna-chudzik-gerlach\/A09I0387.jpg\"\n               data-thumbnail=\"http:\/\/muzeum.brzozow.pl\/wp-content\/gallery\/wernisaz-katarzyna-chudzik-gerlach\/thumbs\/thumbs_A09I0387.jpg\"\n               data-image-id=\"1469\"\n               data-title=\"A09I0387\"\n               data-description=\"\"\n               data-image-slug=\"a09i0387\"\n               class=\"ngg-simplelightbox\" rel=\"74f4f2b94dd31992775d85c2a96c1cc2\">\n                <img\n                    title=\"A09I0387\"\n                    alt=\"A09I0387\"\n                    src=\"http:\/\/muzeum.brzozow.pl\/wp-content\/gallery\/wernisaz-katarzyna-chudzik-gerlach\/thumbs\/thumbs_A09I0387.jpg\"\n                    width=\"240\"\n                    height=\"160\"\n                    style=\"max-width:100%;\"\n                \/>\n            <\/a>\n        <\/div>\n\t\t\t\t\t\t\t<\/div> \n\t\t\t\n\t\t\t\t<div id=\"ngg-image-3\" class=\"ngg-gallery-thumbnail-box \" >\n\t\t\t\t        <div class=\"ngg-gallery-thumbnail\">\n            <a href=\"http:\/\/muzeum.brzozow.pl\/wp-content\/gallery\/wernisaz-katarzyna-chudzik-gerlach\/A09I0375.jpg\"\n               title=\"\"\n               data-src=\"http:\/\/muzeum.brzozow.pl\/wp-content\/gallery\/wernisaz-katarzyna-chudzik-gerlach\/A09I0375.jpg\"\n               data-thumbnail=\"http:\/\/muzeum.brzozow.pl\/wp-content\/gallery\/wernisaz-katarzyna-chudzik-gerlach\/thumbs\/thumbs_A09I0375.jpg\"\n               data-image-id=\"1468\"\n               data-title=\"A09I0375\"\n               data-description=\"\"\n               data-image-slug=\"a09i0375\"\n               class=\"ngg-simplelightbox\" rel=\"74f4f2b94dd31992775d85c2a96c1cc2\">\n                <img\n                    title=\"A09I0375\"\n                    alt=\"A09I0375\"\n                    src=\"http:\/\/muzeum.brzozow.pl\/wp-content\/gallery\/wernisaz-katarzyna-chudzik-gerlach\/thumbs\/thumbs_A09I0375.jpg\"\n                    width=\"240\"\n                    height=\"160\"\n                    style=\"max-width:100%;\"\n                \/>\n            <\/a>\n        <\/div>\n\t\t\t\t\t\t\t<\/div> \n\t\t\t\n\t\t\t\t<div id=\"ngg-image-4\" class=\"ngg-gallery-thumbnail-box \" >\n\t\t\t\t        <div class=\"ngg-gallery-thumbnail\">\n            <a href=\"http:\/\/muzeum.brzozow.pl\/wp-content\/gallery\/wernisaz-katarzyna-chudzik-gerlach\/A09I0410.jpg\"\n               title=\"\"\n               data-src=\"http:\/\/muzeum.brzozow.pl\/wp-content\/gallery\/wernisaz-katarzyna-chudzik-gerlach\/A09I0410.jpg\"\n               data-thumbnail=\"http:\/\/muzeum.brzozow.pl\/wp-content\/gallery\/wernisaz-katarzyna-chudzik-gerlach\/thumbs\/thumbs_A09I0410.jpg\"\n               data-image-id=\"1475\"\n               data-title=\"A09I0410\"\n               data-description=\"\"\n               data-image-slug=\"a09i0410\"\n               class=\"ngg-simplelightbox\" rel=\"74f4f2b94dd31992775d85c2a96c1cc2\">\n                <img\n                    title=\"A09I0410\"\n                    alt=\"A09I0410\"\n                    src=\"http:\/\/muzeum.brzozow.pl\/wp-content\/gallery\/wernisaz-katarzyna-chudzik-gerlach\/thumbs\/thumbs_A09I0410.jpg\"\n                    width=\"240\"\n                    height=\"160\"\n                    style=\"max-width:100%;\"\n                \/>\n            <\/a>\n        <\/div>\n\t\t\t\t\t\t\t<\/div> \n\t\t\t\n\t\t\t\t<div id=\"ngg-image-5\" class=\"ngg-gallery-thumbnail-box \" >\n\t\t\t\t        <div class=\"ngg-gallery-thumbnail\">\n            <a href=\"http:\/\/muzeum.brzozow.pl\/wp-content\/gallery\/wernisaz-katarzyna-chudzik-gerlach\/A09I0428.jpg\"\n               title=\"\"\n               data-src=\"http:\/\/muzeum.brzozow.pl\/wp-content\/gallery\/wernisaz-katarzyna-chudzik-gerlach\/A09I0428.jpg\"\n               data-thumbnail=\"http:\/\/muzeum.brzozow.pl\/wp-content\/gallery\/wernisaz-katarzyna-chudzik-gerlach\/thumbs\/thumbs_A09I0428.jpg\"\n               data-image-id=\"1482\"\n               data-title=\"A09I0428\"\n               data-description=\"\"\n               data-image-slug=\"a09i0428\"\n               class=\"ngg-simplelightbox\" rel=\"74f4f2b94dd31992775d85c2a96c1cc2\">\n                <img\n                    title=\"A09I0428\"\n                    alt=\"A09I0428\"\n                    src=\"http:\/\/muzeum.brzozow.pl\/wp-content\/gallery\/wernisaz-katarzyna-chudzik-gerlach\/thumbs\/thumbs_A09I0428.jpg\"\n                    width=\"240\"\n                    height=\"160\"\n                    style=\"max-width:100%;\"\n                \/>\n            <\/a>\n        <\/div>\n\t\t\t\t\t\t\t<\/div> \n\t\t\t\n\t\t\t\t<div id=\"ngg-image-6\" class=\"ngg-gallery-thumbnail-box \" >\n\t\t\t\t        <div class=\"ngg-gallery-thumbnail\">\n            <a href=\"http:\/\/muzeum.brzozow.pl\/wp-content\/gallery\/wernisaz-katarzyna-chudzik-gerlach\/A09I0412.jpg\"\n               title=\"\"\n               data-src=\"http:\/\/muzeum.brzozow.pl\/wp-content\/gallery\/wernisaz-katarzyna-chudzik-gerlach\/A09I0412.jpg\"\n               data-thumbnail=\"http:\/\/muzeum.brzozow.pl\/wp-content\/gallery\/wernisaz-katarzyna-chudzik-gerlach\/thumbs\/thumbs_A09I0412.jpg\"\n               data-image-id=\"1476\"\n               data-title=\"A09I0412\"\n               data-description=\"\"\n               data-image-slug=\"a09i0412\"\n               class=\"ngg-simplelightbox\" rel=\"74f4f2b94dd31992775d85c2a96c1cc2\">\n                <img\n                    title=\"A09I0412\"\n                    alt=\"A09I0412\"\n                    src=\"http:\/\/muzeum.brzozow.pl\/wp-content\/gallery\/wernisaz-katarzyna-chudzik-gerlach\/thumbs\/thumbs_A09I0412.jpg\"\n                    width=\"240\"\n                    height=\"160\"\n                    style=\"max-width:100%;\"\n                \/>\n            <\/a>\n        <\/div>\n\t\t\t\t\t\t\t<\/div> \n\t\t\t\n\t\t\t\t<div id=\"ngg-image-7\" class=\"ngg-gallery-thumbnail-box \" >\n\t\t\t\t        <div class=\"ngg-gallery-thumbnail\">\n            <a href=\"http:\/\/muzeum.brzozow.pl\/wp-content\/gallery\/wernisaz-katarzyna-chudzik-gerlach\/A09I0424.jpg\"\n               title=\"\"\n               data-src=\"http:\/\/muzeum.brzozow.pl\/wp-content\/gallery\/wernisaz-katarzyna-chudzik-gerlach\/A09I0424.jpg\"\n               data-thumbnail=\"http:\/\/muzeum.brzozow.pl\/wp-content\/gallery\/wernisaz-katarzyna-chudzik-gerlach\/thumbs\/thumbs_A09I0424.jpg\"\n               data-image-id=\"1481\"\n               data-title=\"A09I0424\"\n               data-description=\"\"\n               data-image-slug=\"a09i0424\"\n               class=\"ngg-simplelightbox\" rel=\"74f4f2b94dd31992775d85c2a96c1cc2\">\n                <img\n                    title=\"A09I0424\"\n                    alt=\"A09I0424\"\n                    src=\"http:\/\/muzeum.brzozow.pl\/wp-content\/gallery\/wernisaz-katarzyna-chudzik-gerlach\/thumbs\/thumbs_A09I0424.jpg\"\n                    width=\"240\"\n                    height=\"160\"\n                    style=\"max-width:100%;\"\n                \/>\n            <\/a>\n        <\/div>\n\t\t\t\t\t\t\t<\/div> \n\t\t\t\n\t\t\t\t<div id=\"ngg-image-8\" class=\"ngg-gallery-thumbnail-box \" >\n\t\t\t\t        <div class=\"ngg-gallery-thumbnail\">\n            <a href=\"http:\/\/muzeum.brzozow.pl\/wp-content\/gallery\/wernisaz-katarzyna-chudzik-gerlach\/A09I0422.jpg\"\n               title=\"\"\n               data-src=\"http:\/\/muzeum.brzozow.pl\/wp-content\/gallery\/wernisaz-katarzyna-chudzik-gerlach\/A09I0422.jpg\"\n               data-thumbnail=\"http:\/\/muzeum.brzozow.pl\/wp-content\/gallery\/wernisaz-katarzyna-chudzik-gerlach\/thumbs\/thumbs_A09I0422.jpg\"\n               data-image-id=\"1480\"\n               data-title=\"A09I0422\"\n               data-description=\"\"\n               data-image-slug=\"a09i0422\"\n               class=\"ngg-simplelightbox\" rel=\"74f4f2b94dd31992775d85c2a96c1cc2\">\n                <img\n                    title=\"A09I0422\"\n                    alt=\"A09I0422\"\n                    src=\"http:\/\/muzeum.brzozow.pl\/wp-content\/gallery\/wernisaz-katarzyna-chudzik-gerlach\/thumbs\/thumbs_A09I0422.jpg\"\n                    width=\"240\"\n                    height=\"160\"\n                    style=\"max-width:100%;\"\n                \/>\n            <\/a>\n        <\/div>\n\t\t\t\t\t\t\t<\/div> \n\t\t\t\n\t\t\t\t<div id=\"ngg-image-9\" class=\"ngg-gallery-thumbnail-box \" >\n\t\t\t\t        <div class=\"ngg-gallery-thumbnail\">\n            <a href=\"http:\/\/muzeum.brzozow.pl\/wp-content\/gallery\/wernisaz-katarzyna-chudzik-gerlach\/A09I0421.jpg\"\n               title=\"\"\n               data-src=\"http:\/\/muzeum.brzozow.pl\/wp-content\/gallery\/wernisaz-katarzyna-chudzik-gerlach\/A09I0421.jpg\"\n               data-thumbnail=\"http:\/\/muzeum.brzozow.pl\/wp-content\/gallery\/wernisaz-katarzyna-chudzik-gerlach\/thumbs\/thumbs_A09I0421.jpg\"\n               data-image-id=\"1479\"\n               data-title=\"A09I0421\"\n               data-description=\"\"\n               data-image-slug=\"a09i0421\"\n               class=\"ngg-simplelightbox\" rel=\"74f4f2b94dd31992775d85c2a96c1cc2\">\n                <img\n                    title=\"A09I0421\"\n                    alt=\"A09I0421\"\n                    src=\"http:\/\/muzeum.brzozow.pl\/wp-content\/gallery\/wernisaz-katarzyna-chudzik-gerlach\/thumbs\/thumbs_A09I0421.jpg\"\n                    width=\"240\"\n                    height=\"160\"\n                    style=\"max-width:100%;\"\n                \/>\n            <\/a>\n        <\/div>\n\t\t\t\t\t\t\t<\/div> \n\t\t\t\n\t\t\t\t<div id=\"ngg-image-10\" class=\"ngg-gallery-thumbnail-box \" >\n\t\t\t\t        <div class=\"ngg-gallery-thumbnail\">\n            <a href=\"http:\/\/muzeum.brzozow.pl\/wp-content\/gallery\/wernisaz-katarzyna-chudzik-gerlach\/A09I0419.jpg\"\n               title=\"\"\n               data-src=\"http:\/\/muzeum.brzozow.pl\/wp-content\/gallery\/wernisaz-katarzyna-chudzik-gerlach\/A09I0419.jpg\"\n               data-thumbnail=\"http:\/\/muzeum.brzozow.pl\/wp-content\/gallery\/wernisaz-katarzyna-chudzik-gerlach\/thumbs\/thumbs_A09I0419.jpg\"\n               data-image-id=\"1478\"\n               data-title=\"A09I0419\"\n               data-description=\"\"\n               data-image-slug=\"a09i0419\"\n               class=\"ngg-simplelightbox\" rel=\"74f4f2b94dd31992775d85c2a96c1cc2\">\n                <img\n                    title=\"A09I0419\"\n                    alt=\"A09I0419\"\n                    src=\"http:\/\/muzeum.brzozow.pl\/wp-content\/gallery\/wernisaz-katarzyna-chudzik-gerlach\/thumbs\/thumbs_A09I0419.jpg\"\n                    width=\"240\"\n                    height=\"160\"\n                    style=\"max-width:100%;\"\n                \/>\n            <\/a>\n        <\/div>\n\t\t\t\t\t\t\t<\/div> \n\t\t\t\n\t\t\t\t<div id=\"ngg-image-11\" class=\"ngg-gallery-thumbnail-box \" >\n\t\t\t\t        <div class=\"ngg-gallery-thumbnail\">\n            <a href=\"http:\/\/muzeum.brzozow.pl\/wp-content\/gallery\/wernisaz-katarzyna-chudzik-gerlach\/A09I0414.jpg\"\n               title=\"\"\n               data-src=\"http:\/\/muzeum.brzozow.pl\/wp-content\/gallery\/wernisaz-katarzyna-chudzik-gerlach\/A09I0414.jpg\"\n               data-thumbnail=\"http:\/\/muzeum.brzozow.pl\/wp-content\/gallery\/wernisaz-katarzyna-chudzik-gerlach\/thumbs\/thumbs_A09I0414.jpg\"\n               data-image-id=\"1477\"\n               data-title=\"A09I0414\"\n               data-description=\"\"\n               data-image-slug=\"a09i0414\"\n               class=\"ngg-simplelightbox\" rel=\"74f4f2b94dd31992775d85c2a96c1cc2\">\n                <img\n                    title=\"A09I0414\"\n                    alt=\"A09I0414\"\n                    src=\"http:\/\/muzeum.brzozow.pl\/wp-content\/gallery\/wernisaz-katarzyna-chudzik-gerlach\/thumbs\/thumbs_A09I0414.jpg\"\n                    width=\"240\"\n                    height=\"160\"\n                    style=\"max-width:100%;\"\n                \/>\n            <\/a>\n        <\/div>\n\t\t\t\t\t\t\t<\/div> \n\t\t\t\n\t\t\t\t<div id=\"ngg-image-12\" class=\"ngg-gallery-thumbnail-box \" >\n\t\t\t\t        <div class=\"ngg-gallery-thumbnail\">\n            <a href=\"http:\/\/muzeum.brzozow.pl\/wp-content\/gallery\/wernisaz-katarzyna-chudzik-gerlach\/A09I0406.jpg\"\n               title=\"\"\n               data-src=\"http:\/\/muzeum.brzozow.pl\/wp-content\/gallery\/wernisaz-katarzyna-chudzik-gerlach\/A09I0406.jpg\"\n               data-thumbnail=\"http:\/\/muzeum.brzozow.pl\/wp-content\/gallery\/wernisaz-katarzyna-chudzik-gerlach\/thumbs\/thumbs_A09I0406.jpg\"\n               data-image-id=\"1474\"\n               data-title=\"A09I0406\"\n               data-description=\"\"\n               data-image-slug=\"a09i0406\"\n               class=\"ngg-simplelightbox\" rel=\"74f4f2b94dd31992775d85c2a96c1cc2\">\n                <img\n                    title=\"A09I0406\"\n                    alt=\"A09I0406\"\n                    src=\"http:\/\/muzeum.brzozow.pl\/wp-content\/gallery\/wernisaz-katarzyna-chudzik-gerlach\/thumbs\/thumbs_A09I0406.jpg\"\n                    width=\"240\"\n                    height=\"160\"\n                    style=\"max-width:100%;\"\n                \/>\n            <\/a>\n        <\/div>\n\t\t\t\t\t\t\t<\/div> \n\t\t\t\n\t\t\t\t<div id=\"ngg-image-13\" class=\"ngg-gallery-thumbnail-box \" >\n\t\t\t\t        <div class=\"ngg-gallery-thumbnail\">\n            <a href=\"http:\/\/muzeum.brzozow.pl\/wp-content\/gallery\/wernisaz-katarzyna-chudzik-gerlach\/A09I0403.jpg\"\n               title=\"\"\n               data-src=\"http:\/\/muzeum.brzozow.pl\/wp-content\/gallery\/wernisaz-katarzyna-chudzik-gerlach\/A09I0403.jpg\"\n               data-thumbnail=\"http:\/\/muzeum.brzozow.pl\/wp-content\/gallery\/wernisaz-katarzyna-chudzik-gerlach\/thumbs\/thumbs_A09I0403.jpg\"\n               data-image-id=\"1473\"\n               data-title=\"A09I0403\"\n               data-description=\"\"\n               data-image-slug=\"a09i0403\"\n               class=\"ngg-simplelightbox\" rel=\"74f4f2b94dd31992775d85c2a96c1cc2\">\n                <img\n                    title=\"A09I0403\"\n                    alt=\"A09I0403\"\n                    src=\"http:\/\/muzeum.brzozow.pl\/wp-content\/gallery\/wernisaz-katarzyna-chudzik-gerlach\/thumbs\/thumbs_A09I0403.jpg\"\n                    width=\"240\"\n                    height=\"160\"\n                    style=\"max-width:100%;\"\n                \/>\n            <\/a>\n        <\/div>\n\t\t\t\t\t\t\t<\/div> \n\t\t\t\n\t\t\t\t<div id=\"ngg-image-14\" class=\"ngg-gallery-thumbnail-box \" >\n\t\t\t\t        <div class=\"ngg-gallery-thumbnail\">\n            <a href=\"http:\/\/muzeum.brzozow.pl\/wp-content\/gallery\/wernisaz-katarzyna-chudzik-gerlach\/A09I0381.jpg\"\n               title=\"\"\n               data-src=\"http:\/\/muzeum.brzozow.pl\/wp-content\/gallery\/wernisaz-katarzyna-chudzik-gerlach\/A09I0381.jpg\"\n               data-thumbnail=\"http:\/\/muzeum.brzozow.pl\/wp-content\/gallery\/wernisaz-katarzyna-chudzik-gerlach\/thumbs\/thumbs_A09I0381.jpg\"\n               data-image-id=\"1472\"\n               data-title=\"A09I0381\"\n               data-description=\"\"\n               data-image-slug=\"a09i0381\"\n               class=\"ngg-simplelightbox\" rel=\"74f4f2b94dd31992775d85c2a96c1cc2\">\n                <img\n                    title=\"A09I0381\"\n                    alt=\"A09I0381\"\n                    src=\"http:\/\/muzeum.brzozow.pl\/wp-content\/gallery\/wernisaz-katarzyna-chudzik-gerlach\/thumbs\/thumbs_A09I0381.jpg\"\n                    width=\"240\"\n                    height=\"160\"\n                    style=\"max-width:100%;\"\n                \/>\n            <\/a>\n        <\/div>\n\t\t\t\t\t\t\t<\/div> \n\t\t\t\n\t\t\t\t<div id=\"ngg-image-15\" class=\"ngg-gallery-thumbnail-box \" >\n\t\t\t\t        <div class=\"ngg-gallery-thumbnail\">\n            <a href=\"http:\/\/muzeum.brzozow.pl\/wp-content\/gallery\/wernisaz-katarzyna-chudzik-gerlach\/A09I0373.jpg\"\n               title=\"\"\n               data-src=\"http:\/\/muzeum.brzozow.pl\/wp-content\/gallery\/wernisaz-katarzyna-chudzik-gerlach\/A09I0373.jpg\"\n               data-thumbnail=\"http:\/\/muzeum.brzozow.pl\/wp-content\/gallery\/wernisaz-katarzyna-chudzik-gerlach\/thumbs\/thumbs_A09I0373.jpg\"\n               data-image-id=\"1467\"\n               data-title=\"A09I0373\"\n               data-description=\"\"\n               data-image-slug=\"a09i0373\"\n               class=\"ngg-simplelightbox\" rel=\"74f4f2b94dd31992775d85c2a96c1cc2\">\n                <img\n                    title=\"A09I0373\"\n                    alt=\"A09I0373\"\n                    src=\"http:\/\/muzeum.brzozow.pl\/wp-content\/gallery\/wernisaz-katarzyna-chudzik-gerlach\/thumbs\/thumbs_A09I0373.jpg\"\n                    width=\"240\"\n                    height=\"160\"\n                    style=\"max-width:100%;\"\n                \/>\n            <\/a>\n        <\/div>\n\t\t\t\t\t\t\t<\/div> \n\t\t\t\n\t\t\t\t<div id=\"ngg-image-16\" class=\"ngg-gallery-thumbnail-box \" >\n\t\t\t\t        <div class=\"ngg-gallery-thumbnail\">\n            <a href=\"http:\/\/muzeum.brzozow.pl\/wp-content\/gallery\/wernisaz-katarzyna-chudzik-gerlach\/A09I0463.jpg\"\n               title=\"\"\n               data-src=\"http:\/\/muzeum.brzozow.pl\/wp-content\/gallery\/wernisaz-katarzyna-chudzik-gerlach\/A09I0463.jpg\"\n               data-thumbnail=\"http:\/\/muzeum.brzozow.pl\/wp-content\/gallery\/wernisaz-katarzyna-chudzik-gerlach\/thumbs\/thumbs_A09I0463.jpg\"\n               data-image-id=\"1484\"\n               data-title=\"A09I0463\"\n               data-description=\"\"\n               data-image-slug=\"a09i0463\"\n               class=\"ngg-simplelightbox\" rel=\"74f4f2b94dd31992775d85c2a96c1cc2\">\n                <img\n                    title=\"A09I0463\"\n                    alt=\"A09I0463\"\n                    src=\"http:\/\/muzeum.brzozow.pl\/wp-content\/gallery\/wernisaz-katarzyna-chudzik-gerlach\/thumbs\/thumbs_A09I0463.jpg\"\n                    width=\"240\"\n                    height=\"160\"\n                    style=\"max-width:100%;\"\n                \/>\n            <\/a>\n        <\/div>\n\t\t\t\t\t\t\t<\/div> \n\t\t\t\n\t\t\t\t<div id=\"ngg-image-17\" class=\"ngg-gallery-thumbnail-box \" >\n\t\t\t\t        <div class=\"ngg-gallery-thumbnail\">\n            <a href=\"http:\/\/muzeum.brzozow.pl\/wp-content\/gallery\/wernisaz-katarzyna-chudzik-gerlach\/A09I0467.jpg\"\n               title=\"\"\n               data-src=\"http:\/\/muzeum.brzozow.pl\/wp-content\/gallery\/wernisaz-katarzyna-chudzik-gerlach\/A09I0467.jpg\"\n               data-thumbnail=\"http:\/\/muzeum.brzozow.pl\/wp-content\/gallery\/wernisaz-katarzyna-chudzik-gerlach\/thumbs\/thumbs_A09I0467.jpg\"\n               data-image-id=\"1486\"\n               data-title=\"A09I0467\"\n               data-description=\"\"\n               data-image-slug=\"a09i0467\"\n               class=\"ngg-simplelightbox\" rel=\"74f4f2b94dd31992775d85c2a96c1cc2\">\n                <img\n                    title=\"A09I0467\"\n                    alt=\"A09I0467\"\n                    src=\"http:\/\/muzeum.brzozow.pl\/wp-content\/gallery\/wernisaz-katarzyna-chudzik-gerlach\/thumbs\/thumbs_A09I0467.jpg\"\n                    width=\"240\"\n                    height=\"160\"\n                    style=\"max-width:100%;\"\n                \/>\n            <\/a>\n        <\/div>\n\t\t\t\t\t\t\t<\/div> \n\t\t\t\n\t\t\t\t<div id=\"ngg-image-18\" class=\"ngg-gallery-thumbnail-box \" >\n\t\t\t\t        <div class=\"ngg-gallery-thumbnail\">\n            <a href=\"http:\/\/muzeum.brzozow.pl\/wp-content\/gallery\/wernisaz-katarzyna-chudzik-gerlach\/A09I0485.jpg\"\n               title=\"\"\n               data-src=\"http:\/\/muzeum.brzozow.pl\/wp-content\/gallery\/wernisaz-katarzyna-chudzik-gerlach\/A09I0485.jpg\"\n               data-thumbnail=\"http:\/\/muzeum.brzozow.pl\/wp-content\/gallery\/wernisaz-katarzyna-chudzik-gerlach\/thumbs\/thumbs_A09I0485.jpg\"\n               data-image-id=\"1492\"\n               data-title=\"A09I0485\"\n               data-description=\"\"\n               data-image-slug=\"a09i0485\"\n               class=\"ngg-simplelightbox\" rel=\"74f4f2b94dd31992775d85c2a96c1cc2\">\n                <img\n                    title=\"A09I0485\"\n                    alt=\"A09I0485\"\n                    src=\"http:\/\/muzeum.brzozow.pl\/wp-content\/gallery\/wernisaz-katarzyna-chudzik-gerlach\/thumbs\/thumbs_A09I0485.jpg\"\n                    width=\"240\"\n                    height=\"160\"\n                    style=\"max-width:100%;\"\n                \/>\n            <\/a>\n        <\/div>\n\t\t\t\t\t\t\t<\/div> \n\t\t\t\n\t\t\t\t<div id=\"ngg-image-19\" class=\"ngg-gallery-thumbnail-box \" >\n\t\t\t\t        <div class=\"ngg-gallery-thumbnail\">\n            <a href=\"http:\/\/muzeum.brzozow.pl\/wp-content\/gallery\/wernisaz-katarzyna-chudzik-gerlach\/A09I0483.jpg\"\n               title=\"\"\n               data-src=\"http:\/\/muzeum.brzozow.pl\/wp-content\/gallery\/wernisaz-katarzyna-chudzik-gerlach\/A09I0483.jpg\"\n               data-thumbnail=\"http:\/\/muzeum.brzozow.pl\/wp-content\/gallery\/wernisaz-katarzyna-chudzik-gerlach\/thumbs\/thumbs_A09I0483.jpg\"\n               data-image-id=\"1491\"\n               data-title=\"A09I0483\"\n               data-description=\"\"\n               data-image-slug=\"a09i0483\"\n               class=\"ngg-simplelightbox\" rel=\"74f4f2b94dd31992775d85c2a96c1cc2\">\n                <img\n                    title=\"A09I0483\"\n                    alt=\"A09I0483\"\n                    src=\"http:\/\/muzeum.brzozow.pl\/wp-content\/gallery\/wernisaz-katarzyna-chudzik-gerlach\/thumbs\/thumbs_A09I0483.jpg\"\n                    width=\"240\"\n                    height=\"160\"\n                    style=\"max-width:100%;\"\n                \/>\n            <\/a>\n        <\/div>\n\t\t\t\t\t\t\t<\/div> \n\t\t\t\n\t\t\t\t<div id=\"ngg-image-20\" class=\"ngg-gallery-thumbnail-box \" >\n\t\t\t\t        <div class=\"ngg-gallery-thumbnail\">\n            <a href=\"http:\/\/muzeum.brzozow.pl\/wp-content\/gallery\/wernisaz-katarzyna-chudzik-gerlach\/B66I0140.jpg\"\n               title=\"\"\n               data-src=\"http:\/\/muzeum.brzozow.pl\/wp-content\/gallery\/wernisaz-katarzyna-chudzik-gerlach\/B66I0140.jpg\"\n               data-thumbnail=\"http:\/\/muzeum.brzozow.pl\/wp-content\/gallery\/wernisaz-katarzyna-chudzik-gerlach\/thumbs\/thumbs_B66I0140.jpg\"\n               data-image-id=\"1522\"\n               data-title=\"B66I0140\"\n               data-description=\"\"\n               data-image-slug=\"b66i0140\"\n               class=\"ngg-simplelightbox\" rel=\"74f4f2b94dd31992775d85c2a96c1cc2\">\n                <img\n                    title=\"B66I0140\"\n                    alt=\"B66I0140\"\n                    src=\"http:\/\/muzeum.brzozow.pl\/wp-content\/gallery\/wernisaz-katarzyna-chudzik-gerlach\/thumbs\/thumbs_B66I0140.jpg\"\n                    width=\"240\"\n                    height=\"160\"\n                    style=\"max-width:100%;\"\n                \/>\n            <\/a>\n        <\/div>\n\t\t\t\t\t\t\t<\/div> \n\t\t\t\n\t\t\t\t<div id=\"ngg-image-21\" class=\"ngg-gallery-thumbnail-box \" >\n\t\t\t\t        <div class=\"ngg-gallery-thumbnail\">\n            <a href=\"http:\/\/muzeum.brzozow.pl\/wp-content\/gallery\/wernisaz-katarzyna-chudzik-gerlach\/B66I0151.jpg\"\n               title=\"\"\n               data-src=\"http:\/\/muzeum.brzozow.pl\/wp-content\/gallery\/wernisaz-katarzyna-chudzik-gerlach\/B66I0151.jpg\"\n               data-thumbnail=\"http:\/\/muzeum.brzozow.pl\/wp-content\/gallery\/wernisaz-katarzyna-chudzik-gerlach\/thumbs\/thumbs_B66I0151.jpg\"\n               data-image-id=\"1524\"\n               data-title=\"B66I0151\"\n               data-description=\"\"\n               data-image-slug=\"b66i0151\"\n               class=\"ngg-simplelightbox\" rel=\"74f4f2b94dd31992775d85c2a96c1cc2\">\n                <img\n                    title=\"B66I0151\"\n                    alt=\"B66I0151\"\n                    src=\"http:\/\/muzeum.brzozow.pl\/wp-content\/gallery\/wernisaz-katarzyna-chudzik-gerlach\/thumbs\/thumbs_B66I0151.jpg\"\n                    width=\"240\"\n                    height=\"160\"\n                    style=\"max-width:100%;\"\n                \/>\n            <\/a>\n        <\/div>\n\t\t\t\t\t\t\t<\/div> \n\t\t\t\n\t\t\t\t<div id=\"ngg-image-22\" class=\"ngg-gallery-thumbnail-box \" >\n\t\t\t\t        <div class=\"ngg-gallery-thumbnail\">\n            <a href=\"http:\/\/muzeum.brzozow.pl\/wp-content\/gallery\/wernisaz-katarzyna-chudzik-gerlach\/A09I0492.jpg\"\n               title=\"\"\n               data-src=\"http:\/\/muzeum.brzozow.pl\/wp-content\/gallery\/wernisaz-katarzyna-chudzik-gerlach\/A09I0492.jpg\"\n               data-thumbnail=\"http:\/\/muzeum.brzozow.pl\/wp-content\/gallery\/wernisaz-katarzyna-chudzik-gerlach\/thumbs\/thumbs_A09I0492.jpg\"\n               data-image-id=\"1493\"\n               data-title=\"A09I0492\"\n               data-description=\"\"\n               data-image-slug=\"a09i0492\"\n               class=\"ngg-simplelightbox\" rel=\"74f4f2b94dd31992775d85c2a96c1cc2\">\n                <img\n                    title=\"A09I0492\"\n                    alt=\"A09I0492\"\n                    src=\"http:\/\/muzeum.brzozow.pl\/wp-content\/gallery\/wernisaz-katarzyna-chudzik-gerlach\/thumbs\/thumbs_A09I0492.jpg\"\n                    width=\"240\"\n                    height=\"160\"\n                    style=\"max-width:100%;\"\n                \/>\n            <\/a>\n        <\/div>\n\t\t\t\t\t\t\t<\/div> \n\t\t\t\n\t\t\t\t<div id=\"ngg-image-23\" class=\"ngg-gallery-thumbnail-box \" >\n\t\t\t\t        <div class=\"ngg-gallery-thumbnail\">\n            <a href=\"http:\/\/muzeum.brzozow.pl\/wp-content\/gallery\/wernisaz-katarzyna-chudzik-gerlach\/A09I0496.jpg\"\n               title=\"\"\n               data-src=\"http:\/\/muzeum.brzozow.pl\/wp-content\/gallery\/wernisaz-katarzyna-chudzik-gerlach\/A09I0496.jpg\"\n               data-thumbnail=\"http:\/\/muzeum.brzozow.pl\/wp-content\/gallery\/wernisaz-katarzyna-chudzik-gerlach\/thumbs\/thumbs_A09I0496.jpg\"\n               data-image-id=\"1495\"\n               data-title=\"A09I0496\"\n               data-description=\"\"\n               data-image-slug=\"a09i0496\"\n               class=\"ngg-simplelightbox\" rel=\"74f4f2b94dd31992775d85c2a96c1cc2\">\n                <img\n                    title=\"A09I0496\"\n                    alt=\"A09I0496\"\n                    src=\"http:\/\/muzeum.brzozow.pl\/wp-content\/gallery\/wernisaz-katarzyna-chudzik-gerlach\/thumbs\/thumbs_A09I0496.jpg\"\n                    width=\"240\"\n                    height=\"160\"\n                    style=\"max-width:100%;\"\n                \/>\n            <\/a>\n        <\/div>\n\t\t\t\t\t\t\t<\/div> \n\t\t\t\n\t\n\t<br style=\"clear: both\" \/>\n\n\t\n\t\t<!-- Pagination -->\n\t<div class='ngg-navigation'><span class='current'>1<\/span>\n<a class='page-numbers' data-pageid='2' href='http:\/\/muzeum.brzozow.pl\/index.php\/nggallery\/page\/2?p=7777'>2<\/a>\n<a class='page-numbers' data-pageid='3' href='http:\/\/muzeum.brzozow.pl\/index.php\/nggallery\/page\/3?p=7777'>3<\/a>\n<a class='prev' href='http:\/\/muzeum.brzozow.pl\/index.php\/nggallery\/page\/2?p=7777' data-pageid=2>&#9658;<\/a><\/div>\t<\/div>\n\n","protected":false},"excerpt":{"rendered":"<p>Wernisa\u017c grafiki i rysunku Katarzyny<\/p>\n","protected":false},"author":1,"featured_media":7776,"comment_status":"open","ping_status":"open","sticky":false,"template":"","format":"standard","meta":{"ngg_post_thumbnail":0},"categories":[1],"tags":[],"_links":{"self":[{"href":"http:\/\/muzeum.brzozow.pl\/index.php?rest_route=\/wp\/v2\/posts\/7777"}],"collection":[{"href":"http:\/\/muzeum.brzozow.pl\/index.php?rest_route=\/wp\/v2\/posts"}],"about":[{"href":"http:\/\/muzeum.brzozow.pl\/index.php?rest_route=\/wp\/v2\/types\/post"}],"author":[{"embeddable":true,"href":"http:\/\/muzeum.brzozow.pl\/index.php?rest_route=\/wp\/v2\/users\/1"}],"replies":[{"embeddable":true,"href":"http:\/\/muzeum.brzozow.pl\/index.php?rest_route=%2Fwp%2Fv2%2Fcomments&post=7777"}],"version-history":[{"count":1,"href":"http:\/\/muzeum.brzozow.pl\/index.php?rest_route=\/wp\/v2\/posts\/7777\/revisions"}],"predecessor-version":[{"id":7778,"href":"http:\/\/muzeum.brzozow.pl\/index.php?rest_route=\/wp\/v2\/posts\/7777\/revisions\/7778"}],"wp:featuredmedia":[{"embeddable":true,"href":"http:\/\/muzeum.brzozow.pl\/index.php?rest_route=\/wp\/v2\/media\/7776"}],"wp:attachment":[{"href":"http:\/\/muzeum.brzozow.pl\/index.php?rest_route=%2Fwp%2Fv2%2Fmedia&parent=7777"}],"wp:term":[{"taxonomy":"category","embeddable":true,"href":"http:\/\/muzeum.brzozow.pl\/index.php?rest_route=%2Fwp%2Fv2%2Fcategories&post=7777"},{"taxonomy":"post_tag","embeddable":true,"href":"http:\/\/muzeum.brzozow.pl\/index.php?rest_route=%2Fwp%2Fv2%2Ftags&post=7777"}],"curies":[{"name":"wp","href":"https:\/\/api.w.org\/{rel}","templated":true}]}}