{"id":6790,"date":"2023-03-16T12:47:00","date_gmt":"2023-03-16T11:47:00","guid":{"rendered":"http:\/\/muzeum.brzozow.pl\/?p=6790"},"modified":"2023-03-24T13:01:21","modified_gmt":"2023-03-24T12:01:21","slug":"spotkanie-autorskie-z-dr-krzysztofem-buczkiem-polaczone-z-koncertem-mlodego-akordeonisty","status":"publish","type":"post","link":"http:\/\/muzeum.brzozow.pl\/?p=6790","title":{"rendered":"Spotkanie autorskie z dr. Krzysztofem Buczkiem po\u0142\u0105czone z koncertem m\u0142odego akordeonisty"},"content":{"rendered":"\n<p>We wtorkowe popo\u0142udnie, 14 marca, w sali konferencyjnej brzozowskiego ratusza mia\u0142o miejsce spotkanie autorskie z historykiem dr. Krzysztofem Buczkiem, autorem ksi\u0105\u017cki z zakresu najnowszej historii Podkarpacia pt. \u201ePrzejmowanie cerkwi grekokatolickich przez Ko\u015bci\u00f3\u0142 rzymskokatolicki na terenie diecezji przemyskiej w latach 1944-1989\u201d. Spotkanie rozpocz\u0105\u0142 dyrektor Muzeum Regionalnego w Brzozowie Jerzy Ferdynand Adamski. <\/p>\n\n\n\n<!-- default-view.php -->\n<div\n\tclass=\"ngg-galleryoverview default-view \"\n\tid=\"ngg-gallery-266b7aa64a2fa5fb39b91a1475193c9f-1\">\n\n\t\t<!-- Thumbnails -->\n\t\t\t\t<div id=\"ngg-image-0\" class=\"ngg-gallery-thumbnail-box \" >\n\t\t\t\t        <div class=\"ngg-gallery-thumbnail\">\n            <a href=\"http:\/\/muzeum.brzozow.pl\/wp-content\/gallery\/krzysztof-buczek\/DSC_0215.JPG\"\n               title=\"\"\n               data-src=\"http:\/\/muzeum.brzozow.pl\/wp-content\/gallery\/krzysztof-buczek\/DSC_0215.JPG\"\n               data-thumbnail=\"http:\/\/muzeum.brzozow.pl\/wp-content\/gallery\/krzysztof-buczek\/thumbs\/thumbs_DSC_0215.JPG\"\n               data-image-id=\"802\"\n               data-title=\"DSC_0215\"\n               data-description=\"\"\n               data-image-slug=\"dsc_0215-1\"\n               class=\"ngg-simplelightbox\" rel=\"266b7aa64a2fa5fb39b91a1475193c9f\">\n                <img\n                    title=\"DSC_0215\"\n                    alt=\"DSC_0215\"\n                    src=\"http:\/\/muzeum.brzozow.pl\/wp-content\/gallery\/krzysztof-buczek\/thumbs\/thumbs_DSC_0215.JPG\"\n                    width=\"240\"\n                    height=\"160\"\n                    style=\"max-width:100%;\"\n                \/>\n            <\/a>\n        <\/div>\n\t\t\t\t\t\t\t<\/div> \n\t\t\t\n\t\t\t\t<div id=\"ngg-image-1\" class=\"ngg-gallery-thumbnail-box \" >\n\t\t\t\t        <div class=\"ngg-gallery-thumbnail\">\n            <a href=\"http:\/\/muzeum.brzozow.pl\/wp-content\/gallery\/krzysztof-buczek\/DSC_0106.JPG\"\n               title=\"\"\n               data-src=\"http:\/\/muzeum.brzozow.pl\/wp-content\/gallery\/krzysztof-buczek\/DSC_0106.JPG\"\n               data-thumbnail=\"http:\/\/muzeum.brzozow.pl\/wp-content\/gallery\/krzysztof-buczek\/thumbs\/thumbs_DSC_0106.JPG\"\n               data-image-id=\"801\"\n               data-title=\"DSC_0106\"\n               data-description=\"\"\n               data-image-slug=\"dsc_0106\"\n               class=\"ngg-simplelightbox\" rel=\"266b7aa64a2fa5fb39b91a1475193c9f\">\n                <img\n                    title=\"DSC_0106\"\n                    alt=\"DSC_0106\"\n                    src=\"http:\/\/muzeum.brzozow.pl\/wp-content\/gallery\/krzysztof-buczek\/thumbs\/thumbs_DSC_0106.JPG\"\n                    width=\"240\"\n                    height=\"160\"\n                    style=\"max-width:100%;\"\n                \/>\n            <\/a>\n        <\/div>\n\t\t\t\t\t\t\t<\/div> \n\t\t\t\n\t\t\t\t<div id=\"ngg-image-2\" class=\"ngg-gallery-thumbnail-box \" >\n\t\t\t\t        <div class=\"ngg-gallery-thumbnail\">\n            <a href=\"http:\/\/muzeum.brzozow.pl\/wp-content\/gallery\/krzysztof-buczek\/DSC_0155.JPG\"\n               title=\"\"\n               data-src=\"http:\/\/muzeum.brzozow.pl\/wp-content\/gallery\/krzysztof-buczek\/DSC_0155.JPG\"\n               data-thumbnail=\"http:\/\/muzeum.brzozow.pl\/wp-content\/gallery\/krzysztof-buczek\/thumbs\/thumbs_DSC_0155.JPG\"\n               data-image-id=\"798\"\n               data-title=\"DSC_0155\"\n               data-description=\"\"\n               data-image-slug=\"dsc_0155-1\"\n               class=\"ngg-simplelightbox\" rel=\"266b7aa64a2fa5fb39b91a1475193c9f\">\n                <img\n                    title=\"DSC_0155\"\n                    alt=\"DSC_0155\"\n                    src=\"http:\/\/muzeum.brzozow.pl\/wp-content\/gallery\/krzysztof-buczek\/thumbs\/thumbs_DSC_0155.JPG\"\n                    width=\"240\"\n                    height=\"160\"\n                    style=\"max-width:100%;\"\n                \/>\n            <\/a>\n        <\/div>\n\t\t\t\t\t\t\t<\/div> \n\t\t\t\n\t\t\t\t<div id=\"ngg-image-3\" class=\"ngg-gallery-thumbnail-box \" >\n\t\t\t\t        <div class=\"ngg-gallery-thumbnail\">\n            <a href=\"http:\/\/muzeum.brzozow.pl\/wp-content\/gallery\/krzysztof-buczek\/DSC_0108.JPG\"\n               title=\"\"\n               data-src=\"http:\/\/muzeum.brzozow.pl\/wp-content\/gallery\/krzysztof-buczek\/DSC_0108.JPG\"\n               data-thumbnail=\"http:\/\/muzeum.brzozow.pl\/wp-content\/gallery\/krzysztof-buczek\/thumbs\/thumbs_DSC_0108.JPG\"\n               data-image-id=\"813\"\n               data-title=\"DSC_0108\"\n               data-description=\"\"\n               data-image-slug=\"dsc_0108\"\n               class=\"ngg-simplelightbox\" rel=\"266b7aa64a2fa5fb39b91a1475193c9f\">\n                <img\n                    title=\"DSC_0108\"\n                    alt=\"DSC_0108\"\n                    src=\"http:\/\/muzeum.brzozow.pl\/wp-content\/gallery\/krzysztof-buczek\/thumbs\/thumbs_DSC_0108.JPG\"\n                    width=\"240\"\n                    height=\"160\"\n                    style=\"max-width:100%;\"\n                \/>\n            <\/a>\n        <\/div>\n\t\t\t\t\t\t\t<\/div> \n\t\t\t\n\t\t\t\t<div id=\"ngg-image-4\" class=\"ngg-gallery-thumbnail-box \" >\n\t\t\t\t        <div class=\"ngg-gallery-thumbnail\">\n            <a href=\"http:\/\/muzeum.brzozow.pl\/wp-content\/gallery\/krzysztof-buczek\/DSC_0116.JPG\"\n               title=\"\"\n               data-src=\"http:\/\/muzeum.brzozow.pl\/wp-content\/gallery\/krzysztof-buczek\/DSC_0116.JPG\"\n               data-thumbnail=\"http:\/\/muzeum.brzozow.pl\/wp-content\/gallery\/krzysztof-buczek\/thumbs\/thumbs_DSC_0116.JPG\"\n               data-image-id=\"800\"\n               data-title=\"DSC_0116\"\n               data-description=\"\"\n               data-image-slug=\"dsc_0116-1\"\n               class=\"ngg-simplelightbox\" rel=\"266b7aa64a2fa5fb39b91a1475193c9f\">\n                <img\n                    title=\"DSC_0116\"\n                    alt=\"DSC_0116\"\n                    src=\"http:\/\/muzeum.brzozow.pl\/wp-content\/gallery\/krzysztof-buczek\/thumbs\/thumbs_DSC_0116.JPG\"\n                    width=\"240\"\n                    height=\"160\"\n                    style=\"max-width:100%;\"\n                \/>\n            <\/a>\n        <\/div>\n\t\t\t\t\t\t\t<\/div> \n\t\t\t\n\t\t\t\t<div id=\"ngg-image-5\" class=\"ngg-gallery-thumbnail-box \" >\n\t\t\t\t        <div class=\"ngg-gallery-thumbnail\">\n            <a href=\"http:\/\/muzeum.brzozow.pl\/wp-content\/gallery\/krzysztof-buczek\/DSC_0102.JPG\"\n               title=\"\"\n               data-src=\"http:\/\/muzeum.brzozow.pl\/wp-content\/gallery\/krzysztof-buczek\/DSC_0102.JPG\"\n               data-thumbnail=\"http:\/\/muzeum.brzozow.pl\/wp-content\/gallery\/krzysztof-buczek\/thumbs\/thumbs_DSC_0102.JPG\"\n               data-image-id=\"799\"\n               data-title=\"DSC_0102\"\n               data-description=\"\"\n               data-image-slug=\"dsc_0102\"\n               class=\"ngg-simplelightbox\" rel=\"266b7aa64a2fa5fb39b91a1475193c9f\">\n                <img\n                    title=\"DSC_0102\"\n                    alt=\"DSC_0102\"\n                    src=\"http:\/\/muzeum.brzozow.pl\/wp-content\/gallery\/krzysztof-buczek\/thumbs\/thumbs_DSC_0102.JPG\"\n                    width=\"240\"\n                    height=\"160\"\n                    style=\"max-width:100%;\"\n                \/>\n            <\/a>\n        <\/div>\n\t\t\t\t\t\t\t<\/div> \n\t\t\t\n\t\t\t\t<div id=\"ngg-image-6\" class=\"ngg-gallery-thumbnail-box \" >\n\t\t\t\t        <div class=\"ngg-gallery-thumbnail\">\n            <a href=\"http:\/\/muzeum.brzozow.pl\/wp-content\/gallery\/krzysztof-buczek\/DSC_0191.JPG\"\n               title=\"\"\n               data-src=\"http:\/\/muzeum.brzozow.pl\/wp-content\/gallery\/krzysztof-buczek\/DSC_0191.JPG\"\n               data-thumbnail=\"http:\/\/muzeum.brzozow.pl\/wp-content\/gallery\/krzysztof-buczek\/thumbs\/thumbs_DSC_0191.JPG\"\n               data-image-id=\"814\"\n               data-title=\"DSC_0191\"\n               data-description=\"\"\n               data-image-slug=\"dsc_0191-1\"\n               class=\"ngg-simplelightbox\" rel=\"266b7aa64a2fa5fb39b91a1475193c9f\">\n                <img\n                    title=\"DSC_0191\"\n                    alt=\"DSC_0191\"\n                    src=\"http:\/\/muzeum.brzozow.pl\/wp-content\/gallery\/krzysztof-buczek\/thumbs\/thumbs_DSC_0191.JPG\"\n                    width=\"240\"\n                    height=\"160\"\n                    style=\"max-width:100%;\"\n                \/>\n            <\/a>\n        <\/div>\n\t\t\t\t\t\t\t<\/div> \n\t\t\t\n\t\t\t\t<div id=\"ngg-image-7\" class=\"ngg-gallery-thumbnail-box \" >\n\t\t\t\t        <div class=\"ngg-gallery-thumbnail\">\n            <a href=\"http:\/\/muzeum.brzozow.pl\/wp-content\/gallery\/krzysztof-buczek\/DSC_0227.JPG\"\n               title=\"\"\n               data-src=\"http:\/\/muzeum.brzozow.pl\/wp-content\/gallery\/krzysztof-buczek\/DSC_0227.JPG\"\n               data-thumbnail=\"http:\/\/muzeum.brzozow.pl\/wp-content\/gallery\/krzysztof-buczek\/thumbs\/thumbs_DSC_0227.JPG\"\n               data-image-id=\"804\"\n               data-title=\"DSC_0227\"\n               data-description=\"\"\n               data-image-slug=\"dsc_0227\"\n               class=\"ngg-simplelightbox\" rel=\"266b7aa64a2fa5fb39b91a1475193c9f\">\n                <img\n                    title=\"DSC_0227\"\n                    alt=\"DSC_0227\"\n                    src=\"http:\/\/muzeum.brzozow.pl\/wp-content\/gallery\/krzysztof-buczek\/thumbs\/thumbs_DSC_0227.JPG\"\n                    width=\"240\"\n                    height=\"160\"\n                    style=\"max-width:100%;\"\n                \/>\n            <\/a>\n        <\/div>\n\t\t\t\t\t\t\t<\/div> \n\t\t\t\n\t\t\t\t<div id=\"ngg-image-8\" class=\"ngg-gallery-thumbnail-box \" >\n\t\t\t\t        <div class=\"ngg-gallery-thumbnail\">\n            <a href=\"http:\/\/muzeum.brzozow.pl\/wp-content\/gallery\/krzysztof-buczek\/DSC_0210.JPG\"\n               title=\"\"\n               data-src=\"http:\/\/muzeum.brzozow.pl\/wp-content\/gallery\/krzysztof-buczek\/DSC_0210.JPG\"\n               data-thumbnail=\"http:\/\/muzeum.brzozow.pl\/wp-content\/gallery\/krzysztof-buczek\/thumbs\/thumbs_DSC_0210.JPG\"\n               data-image-id=\"803\"\n               data-title=\"DSC_0210\"\n               data-description=\"\"\n               data-image-slug=\"dsc_0210\"\n               class=\"ngg-simplelightbox\" rel=\"266b7aa64a2fa5fb39b91a1475193c9f\">\n                <img\n                    title=\"DSC_0210\"\n                    alt=\"DSC_0210\"\n                    src=\"http:\/\/muzeum.brzozow.pl\/wp-content\/gallery\/krzysztof-buczek\/thumbs\/thumbs_DSC_0210.JPG\"\n                    width=\"240\"\n                    height=\"160\"\n                    style=\"max-width:100%;\"\n                \/>\n            <\/a>\n        <\/div>\n\t\t\t\t\t\t\t<\/div> \n\t\t\t\n\t\t\t\t<div id=\"ngg-image-9\" class=\"ngg-gallery-thumbnail-box \" >\n\t\t\t\t        <div class=\"ngg-gallery-thumbnail\">\n            <a href=\"http:\/\/muzeum.brzozow.pl\/wp-content\/gallery\/krzysztof-buczek\/DSC_0249.JPG\"\n               title=\"\"\n               data-src=\"http:\/\/muzeum.brzozow.pl\/wp-content\/gallery\/krzysztof-buczek\/DSC_0249.JPG\"\n               data-thumbnail=\"http:\/\/muzeum.brzozow.pl\/wp-content\/gallery\/krzysztof-buczek\/thumbs\/thumbs_DSC_0249.JPG\"\n               data-image-id=\"805\"\n               data-title=\"DSC_0249\"\n               data-description=\"\"\n               data-image-slug=\"dsc_0249\"\n               class=\"ngg-simplelightbox\" rel=\"266b7aa64a2fa5fb39b91a1475193c9f\">\n                <img\n                    title=\"DSC_0249\"\n                    alt=\"DSC_0249\"\n                    src=\"http:\/\/muzeum.brzozow.pl\/wp-content\/gallery\/krzysztof-buczek\/thumbs\/thumbs_DSC_0249.JPG\"\n                    width=\"240\"\n                    height=\"160\"\n                    style=\"max-width:100%;\"\n                \/>\n            <\/a>\n        <\/div>\n\t\t\t\t\t\t\t<\/div> \n\t\t\t\n\t\t\t\t<div id=\"ngg-image-10\" class=\"ngg-gallery-thumbnail-box \" >\n\t\t\t\t        <div class=\"ngg-gallery-thumbnail\">\n            <a href=\"http:\/\/muzeum.brzozow.pl\/wp-content\/gallery\/krzysztof-buczek\/DSC_0293.JPG\"\n               title=\"\"\n               data-src=\"http:\/\/muzeum.brzozow.pl\/wp-content\/gallery\/krzysztof-buczek\/DSC_0293.JPG\"\n               data-thumbnail=\"http:\/\/muzeum.brzozow.pl\/wp-content\/gallery\/krzysztof-buczek\/thumbs\/thumbs_DSC_0293.JPG\"\n               data-image-id=\"806\"\n               data-title=\"DSC_0293\"\n               data-description=\"\"\n               data-image-slug=\"dsc_0293-1\"\n               class=\"ngg-simplelightbox\" rel=\"266b7aa64a2fa5fb39b91a1475193c9f\">\n                <img\n                    title=\"DSC_0293\"\n                    alt=\"DSC_0293\"\n                    src=\"http:\/\/muzeum.brzozow.pl\/wp-content\/gallery\/krzysztof-buczek\/thumbs\/thumbs_DSC_0293.JPG\"\n                    width=\"240\"\n                    height=\"160\"\n                    style=\"max-width:100%;\"\n                \/>\n            <\/a>\n        <\/div>\n\t\t\t\t\t\t\t<\/div> \n\t\t\t\n\t\t\t\t<div id=\"ngg-image-11\" class=\"ngg-gallery-thumbnail-box \" >\n\t\t\t\t        <div class=\"ngg-gallery-thumbnail\">\n            <a href=\"http:\/\/muzeum.brzozow.pl\/wp-content\/gallery\/krzysztof-buczek\/DSC_0306.JPG\"\n               title=\"\"\n               data-src=\"http:\/\/muzeum.brzozow.pl\/wp-content\/gallery\/krzysztof-buczek\/DSC_0306.JPG\"\n               data-thumbnail=\"http:\/\/muzeum.brzozow.pl\/wp-content\/gallery\/krzysztof-buczek\/thumbs\/thumbs_DSC_0306.JPG\"\n               data-image-id=\"808\"\n               data-title=\"DSC_0306\"\n               data-description=\"\"\n               data-image-slug=\"dsc_0306-1\"\n               class=\"ngg-simplelightbox\" rel=\"266b7aa64a2fa5fb39b91a1475193c9f\">\n                <img\n                    title=\"DSC_0306\"\n                    alt=\"DSC_0306\"\n                    src=\"http:\/\/muzeum.brzozow.pl\/wp-content\/gallery\/krzysztof-buczek\/thumbs\/thumbs_DSC_0306.JPG\"\n                    width=\"240\"\n                    height=\"160\"\n                    style=\"max-width:100%;\"\n                \/>\n            <\/a>\n        <\/div>\n\t\t\t\t\t\t\t<\/div> \n\t\t\t\n\t\t\t\t<div id=\"ngg-image-12\" class=\"ngg-gallery-thumbnail-box \" >\n\t\t\t\t        <div class=\"ngg-gallery-thumbnail\">\n            <a href=\"http:\/\/muzeum.brzozow.pl\/wp-content\/gallery\/krzysztof-buczek\/DSC_0300.JPG\"\n               title=\"\"\n               data-src=\"http:\/\/muzeum.brzozow.pl\/wp-content\/gallery\/krzysztof-buczek\/DSC_0300.JPG\"\n               data-thumbnail=\"http:\/\/muzeum.brzozow.pl\/wp-content\/gallery\/krzysztof-buczek\/thumbs\/thumbs_DSC_0300.JPG\"\n               data-image-id=\"807\"\n               data-title=\"DSC_0300\"\n               data-description=\"\"\n               data-image-slug=\"dsc_0300-1\"\n               class=\"ngg-simplelightbox\" rel=\"266b7aa64a2fa5fb39b91a1475193c9f\">\n                <img\n                    title=\"DSC_0300\"\n                    alt=\"DSC_0300\"\n                    src=\"http:\/\/muzeum.brzozow.pl\/wp-content\/gallery\/krzysztof-buczek\/thumbs\/thumbs_DSC_0300.JPG\"\n                    width=\"240\"\n                    height=\"160\"\n                    style=\"max-width:100%;\"\n                \/>\n            <\/a>\n        <\/div>\n\t\t\t\t\t\t\t<\/div> \n\t\t\t\n\t\t\t\t<div id=\"ngg-image-13\" class=\"ngg-gallery-thumbnail-box \" >\n\t\t\t\t        <div class=\"ngg-gallery-thumbnail\">\n            <a href=\"http:\/\/muzeum.brzozow.pl\/wp-content\/gallery\/krzysztof-buczek\/DSC_0324.JPG\"\n               title=\"\"\n               data-src=\"http:\/\/muzeum.brzozow.pl\/wp-content\/gallery\/krzysztof-buczek\/DSC_0324.JPG\"\n               data-thumbnail=\"http:\/\/muzeum.brzozow.pl\/wp-content\/gallery\/krzysztof-buczek\/thumbs\/thumbs_DSC_0324.JPG\"\n               data-image-id=\"809\"\n               data-title=\"DSC_0324\"\n               data-description=\"\"\n               data-image-slug=\"dsc_0324-1\"\n               class=\"ngg-simplelightbox\" rel=\"266b7aa64a2fa5fb39b91a1475193c9f\">\n                <img\n                    title=\"DSC_0324\"\n                    alt=\"DSC_0324\"\n                    src=\"http:\/\/muzeum.brzozow.pl\/wp-content\/gallery\/krzysztof-buczek\/thumbs\/thumbs_DSC_0324.JPG\"\n                    width=\"240\"\n                    height=\"160\"\n                    style=\"max-width:100%;\"\n                \/>\n            <\/a>\n        <\/div>\n\t\t\t\t\t\t\t<\/div> \n\t\t\t\n\t\t\t\t<div id=\"ngg-image-14\" class=\"ngg-gallery-thumbnail-box \" >\n\t\t\t\t        <div class=\"ngg-gallery-thumbnail\">\n            <a href=\"http:\/\/muzeum.brzozow.pl\/wp-content\/gallery\/krzysztof-buczek\/DSC_0338.JPG\"\n               title=\"\"\n               data-src=\"http:\/\/muzeum.brzozow.pl\/wp-content\/gallery\/krzysztof-buczek\/DSC_0338.JPG\"\n               data-thumbnail=\"http:\/\/muzeum.brzozow.pl\/wp-content\/gallery\/krzysztof-buczek\/thumbs\/thumbs_DSC_0338.JPG\"\n               data-image-id=\"815\"\n               data-title=\"DSC_0338\"\n               data-description=\"\"\n               data-image-slug=\"dsc_0338\"\n               class=\"ngg-simplelightbox\" rel=\"266b7aa64a2fa5fb39b91a1475193c9f\">\n                <img\n                    title=\"DSC_0338\"\n                    alt=\"DSC_0338\"\n                    src=\"http:\/\/muzeum.brzozow.pl\/wp-content\/gallery\/krzysztof-buczek\/thumbs\/thumbs_DSC_0338.JPG\"\n                    width=\"240\"\n                    height=\"160\"\n                    style=\"max-width:100%;\"\n                \/>\n            <\/a>\n        <\/div>\n\t\t\t\t\t\t\t<\/div> \n\t\t\t\n\t\t\t\t<div id=\"ngg-image-15\" class=\"ngg-gallery-thumbnail-box \" >\n\t\t\t\t        <div class=\"ngg-gallery-thumbnail\">\n            <a href=\"http:\/\/muzeum.brzozow.pl\/wp-content\/gallery\/krzysztof-buczek\/DSC_0328.JPG\"\n               title=\"\"\n               data-src=\"http:\/\/muzeum.brzozow.pl\/wp-content\/gallery\/krzysztof-buczek\/DSC_0328.JPG\"\n               data-thumbnail=\"http:\/\/muzeum.brzozow.pl\/wp-content\/gallery\/krzysztof-buczek\/thumbs\/thumbs_DSC_0328.JPG\"\n               data-image-id=\"810\"\n               data-title=\"DSC_0328\"\n               data-description=\"\"\n               data-image-slug=\"dsc_0328\"\n               class=\"ngg-simplelightbox\" rel=\"266b7aa64a2fa5fb39b91a1475193c9f\">\n                <img\n                    title=\"DSC_0328\"\n                    alt=\"DSC_0328\"\n                    src=\"http:\/\/muzeum.brzozow.pl\/wp-content\/gallery\/krzysztof-buczek\/thumbs\/thumbs_DSC_0328.JPG\"\n                    width=\"240\"\n                    height=\"160\"\n                    style=\"max-width:100%;\"\n                \/>\n            <\/a>\n        <\/div>\n\t\t\t\t\t\t\t<\/div> \n\t\t\t\n\t\t\t\t<div id=\"ngg-image-16\" class=\"ngg-gallery-thumbnail-box \" >\n\t\t\t\t        <div class=\"ngg-gallery-thumbnail\">\n            <a href=\"http:\/\/muzeum.brzozow.pl\/wp-content\/gallery\/krzysztof-buczek\/DSC_0341.JPG\"\n               title=\"\"\n               data-src=\"http:\/\/muzeum.brzozow.pl\/wp-content\/gallery\/krzysztof-buczek\/DSC_0341.JPG\"\n               data-thumbnail=\"http:\/\/muzeum.brzozow.pl\/wp-content\/gallery\/krzysztof-buczek\/thumbs\/thumbs_DSC_0341.JPG\"\n               data-image-id=\"812\"\n               data-title=\"DSC_0341\"\n               data-description=\"\"\n               data-image-slug=\"dsc_0341\"\n               class=\"ngg-simplelightbox\" rel=\"266b7aa64a2fa5fb39b91a1475193c9f\">\n                <img\n                    title=\"DSC_0341\"\n                    alt=\"DSC_0341\"\n                    src=\"http:\/\/muzeum.brzozow.pl\/wp-content\/gallery\/krzysztof-buczek\/thumbs\/thumbs_DSC_0341.JPG\"\n                    width=\"240\"\n                    height=\"160\"\n                    style=\"max-width:100%;\"\n                \/>\n            <\/a>\n        <\/div>\n\t\t\t\t\t\t\t<\/div> \n\t\t\t\n\t\t\t\t<div id=\"ngg-image-17\" class=\"ngg-gallery-thumbnail-box \" >\n\t\t\t\t        <div class=\"ngg-gallery-thumbnail\">\n            <a href=\"http:\/\/muzeum.brzozow.pl\/wp-content\/gallery\/krzysztof-buczek\/DSC_0335.JPG\"\n               title=\"\"\n               data-src=\"http:\/\/muzeum.brzozow.pl\/wp-content\/gallery\/krzysztof-buczek\/DSC_0335.JPG\"\n               data-thumbnail=\"http:\/\/muzeum.brzozow.pl\/wp-content\/gallery\/krzysztof-buczek\/thumbs\/thumbs_DSC_0335.JPG\"\n               data-image-id=\"811\"\n               data-title=\"DSC_0335\"\n               data-description=\"\"\n               data-image-slug=\"dsc_0335-1\"\n               class=\"ngg-simplelightbox\" rel=\"266b7aa64a2fa5fb39b91a1475193c9f\">\n                <img\n                    title=\"DSC_0335\"\n                    alt=\"DSC_0335\"\n                    src=\"http:\/\/muzeum.brzozow.pl\/wp-content\/gallery\/krzysztof-buczek\/thumbs\/thumbs_DSC_0335.JPG\"\n                    width=\"240\"\n                    height=\"160\"\n                    style=\"max-width:100%;\"\n                \/>\n            <\/a>\n        <\/div>\n\t\t\t\t\t\t\t<\/div> \n\t\t\t\n\t\n\t<br style=\"clear: both\" \/>\n\n\t\n\t\t<!-- Pagination -->\n\t<div class='ngg-clear'><\/div>\t<\/div>\n\n\n\n\n<p>Po przywitaniu przyby\u0142ych go\u015bci przybli\u017cy\u0142 tematyk\u0119 muzealnego spotkania oraz sylwetk\u0119 i naukowe dokonania autora publikacji &#8211; bohatera spotkania dr. Krzysztofa Buczka oraz sylwetk\u0119 emerytowanego proboszcza parafii Hacz\u00f3w ks. pra\u0142ata Kazimierza Kaczora, kt\u00f3ry podczas kap\u0142a\u0144skiej pos\u0142ugi uratowa\u0142 5 cerkwi, przywr\u00f3ci\u0142 je do kultu Bo\u017cego w Ko\u015bciele rzymskokatolickim. <\/p>\n\n\n\n<p>W spotkaniu udzia\u0142 wzi\u0119li r\u00f3wnie\u017c: Pose\u0142 na Sejm RP Adam \u015anie\u017cek, W\u00f3jt Gminy Tyrawa Wo\u0142oska Teresa Brze\u017cawska-Juszczak, Przewodnicz\u0105cy Rady Powiatu Brzozowskiego Henryk Kozik, emerytowana dyrektor Muzeum Regionalnego w Brzozowie Halina Ko\u015bci\u0144ska oraz sympatycy muzeum, osoby zainteresowane tematyk\u0105. <\/p>\n\n\n\n<p>Spotkanie u\u015bwietni\u0142 m\u0142ody, utalentowany artysta, laureat mi\u0119dzynarodowych konkurs\u00f3w i przegl\u0105d\u00f3w muzycznych Dawid Siwiecki, kt\u00f3ry zaprezentowa\u0142 swoje umiej\u0119tno\u015bci gry na akordeonie. <\/p>\n\n\n\n<!-- default-view.php -->\n<div\n\tclass=\"ngg-galleryoverview default-view \"\n\tid=\"ngg-gallery-eb7a34caf599fe1636d389cd0627535b-1\">\n\n\t\t<!-- Thumbnails -->\n\t\t\t\t<div id=\"ngg-image-0\" class=\"ngg-gallery-thumbnail-box \" >\n\t\t\t\t        <div class=\"ngg-gallery-thumbnail\">\n            <a href=\"http:\/\/muzeum.brzozow.pl\/wp-content\/gallery\/dawid-siwiecki\/DSC_0129.JPG\"\n               title=\"\"\n               data-src=\"http:\/\/muzeum.brzozow.pl\/wp-content\/gallery\/dawid-siwiecki\/DSC_0129.JPG\"\n               data-thumbnail=\"http:\/\/muzeum.brzozow.pl\/wp-content\/gallery\/dawid-siwiecki\/thumbs\/thumbs_DSC_0129.JPG\"\n               data-image-id=\"816\"\n               data-title=\"DSC_0129\"\n               data-description=\"\"\n               data-image-slug=\"dsc_0129-1\"\n               class=\"ngg-simplelightbox\" rel=\"eb7a34caf599fe1636d389cd0627535b\">\n                <img\n                    title=\"DSC_0129\"\n                    alt=\"DSC_0129\"\n                    src=\"http:\/\/muzeum.brzozow.pl\/wp-content\/gallery\/dawid-siwiecki\/thumbs\/thumbs_DSC_0129.JPG\"\n                    width=\"240\"\n                    height=\"160\"\n                    style=\"max-width:100%;\"\n                \/>\n            <\/a>\n        <\/div>\n\t\t\t\t\t\t\t<\/div> \n\t\t\t\n\t\t\t\t<div id=\"ngg-image-1\" class=\"ngg-gallery-thumbnail-box \" >\n\t\t\t\t        <div class=\"ngg-gallery-thumbnail\">\n            <a href=\"http:\/\/muzeum.brzozow.pl\/wp-content\/gallery\/dawid-siwiecki\/DSC_0138.JPG\"\n               title=\"\"\n               data-src=\"http:\/\/muzeum.brzozow.pl\/wp-content\/gallery\/dawid-siwiecki\/DSC_0138.JPG\"\n               data-thumbnail=\"http:\/\/muzeum.brzozow.pl\/wp-content\/gallery\/dawid-siwiecki\/thumbs\/thumbs_DSC_0138.JPG\"\n               data-image-id=\"817\"\n               data-title=\"DSC_0138\"\n               data-description=\"\"\n               data-image-slug=\"dsc_0138-2\"\n               class=\"ngg-simplelightbox\" rel=\"eb7a34caf599fe1636d389cd0627535b\">\n                <img\n                    title=\"DSC_0138\"\n                    alt=\"DSC_0138\"\n                    src=\"http:\/\/muzeum.brzozow.pl\/wp-content\/gallery\/dawid-siwiecki\/thumbs\/thumbs_DSC_0138.JPG\"\n                    width=\"240\"\n                    height=\"160\"\n                    style=\"max-width:100%;\"\n                \/>\n            <\/a>\n        <\/div>\n\t\t\t\t\t\t\t<\/div> \n\t\t\t\n\t\t\t\t<div id=\"ngg-image-2\" class=\"ngg-gallery-thumbnail-box \" >\n\t\t\t\t        <div class=\"ngg-gallery-thumbnail\">\n            <a href=\"http:\/\/muzeum.brzozow.pl\/wp-content\/gallery\/dawid-siwiecki\/DSC_0130.JPG\"\n               title=\"\"\n               data-src=\"http:\/\/muzeum.brzozow.pl\/wp-content\/gallery\/dawid-siwiecki\/DSC_0130.JPG\"\n               data-thumbnail=\"http:\/\/muzeum.brzozow.pl\/wp-content\/gallery\/dawid-siwiecki\/thumbs\/thumbs_DSC_0130.JPG\"\n               data-image-id=\"818\"\n               data-title=\"DSC_0130\"\n               data-description=\"\"\n               data-image-slug=\"dsc_0130\"\n               class=\"ngg-simplelightbox\" rel=\"eb7a34caf599fe1636d389cd0627535b\">\n                <img\n                    title=\"DSC_0130\"\n                    alt=\"DSC_0130\"\n                    src=\"http:\/\/muzeum.brzozow.pl\/wp-content\/gallery\/dawid-siwiecki\/thumbs\/thumbs_DSC_0130.JPG\"\n                    width=\"240\"\n                    height=\"160\"\n                    style=\"max-width:100%;\"\n                \/>\n            <\/a>\n        <\/div>\n\t\t\t\t\t\t\t<\/div> \n\t\t\t\n\t\t\t\t<div id=\"ngg-image-3\" class=\"ngg-gallery-thumbnail-box \" >\n\t\t\t\t        <div class=\"ngg-gallery-thumbnail\">\n            <a href=\"http:\/\/muzeum.brzozow.pl\/wp-content\/gallery\/dawid-siwiecki\/DSC_0164.JPG\"\n               title=\"\"\n               data-src=\"http:\/\/muzeum.brzozow.pl\/wp-content\/gallery\/dawid-siwiecki\/DSC_0164.JPG\"\n               data-thumbnail=\"http:\/\/muzeum.brzozow.pl\/wp-content\/gallery\/dawid-siwiecki\/thumbs\/thumbs_DSC_0164.JPG\"\n               data-image-id=\"819\"\n               data-title=\"DSC_0164\"\n               data-description=\"\"\n               data-image-slug=\"dsc_0164-2\"\n               class=\"ngg-simplelightbox\" rel=\"eb7a34caf599fe1636d389cd0627535b\">\n                <img\n                    title=\"DSC_0164\"\n                    alt=\"DSC_0164\"\n                    src=\"http:\/\/muzeum.brzozow.pl\/wp-content\/gallery\/dawid-siwiecki\/thumbs\/thumbs_DSC_0164.JPG\"\n                    width=\"240\"\n                    height=\"160\"\n                    style=\"max-width:100%;\"\n                \/>\n            <\/a>\n        <\/div>\n\t\t\t\t\t\t\t<\/div> \n\t\t\t\n\t\t\t\t<div id=\"ngg-image-4\" class=\"ngg-gallery-thumbnail-box \" >\n\t\t\t\t        <div class=\"ngg-gallery-thumbnail\">\n            <a href=\"http:\/\/muzeum.brzozow.pl\/wp-content\/gallery\/dawid-siwiecki\/DSC_0169.JPG\"\n               title=\"\"\n               data-src=\"http:\/\/muzeum.brzozow.pl\/wp-content\/gallery\/dawid-siwiecki\/DSC_0169.JPG\"\n               data-thumbnail=\"http:\/\/muzeum.brzozow.pl\/wp-content\/gallery\/dawid-siwiecki\/thumbs\/thumbs_DSC_0169.JPG\"\n               data-image-id=\"823\"\n               data-title=\"DSC_0169\"\n               data-description=\"\"\n               data-image-slug=\"dsc_0169\"\n               class=\"ngg-simplelightbox\" rel=\"eb7a34caf599fe1636d389cd0627535b\">\n                <img\n                    title=\"DSC_0169\"\n                    alt=\"DSC_0169\"\n                    src=\"http:\/\/muzeum.brzozow.pl\/wp-content\/gallery\/dawid-siwiecki\/thumbs\/thumbs_DSC_0169.JPG\"\n                    width=\"240\"\n                    height=\"160\"\n                    style=\"max-width:100%;\"\n                \/>\n            <\/a>\n        <\/div>\n\t\t\t\t\t\t\t<\/div> \n\t\t\t\n\t\t\t\t<div id=\"ngg-image-5\" class=\"ngg-gallery-thumbnail-box \" >\n\t\t\t\t        <div class=\"ngg-gallery-thumbnail\">\n            <a href=\"http:\/\/muzeum.brzozow.pl\/wp-content\/gallery\/dawid-siwiecki\/DSC_0172.JPG\"\n               title=\"\"\n               data-src=\"http:\/\/muzeum.brzozow.pl\/wp-content\/gallery\/dawid-siwiecki\/DSC_0172.JPG\"\n               data-thumbnail=\"http:\/\/muzeum.brzozow.pl\/wp-content\/gallery\/dawid-siwiecki\/thumbs\/thumbs_DSC_0172.JPG\"\n               data-image-id=\"820\"\n               data-title=\"DSC_0172\"\n               data-description=\"\"\n               data-image-slug=\"dsc_0172\"\n               class=\"ngg-simplelightbox\" rel=\"eb7a34caf599fe1636d389cd0627535b\">\n                <img\n                    title=\"DSC_0172\"\n                    alt=\"DSC_0172\"\n                    src=\"http:\/\/muzeum.brzozow.pl\/wp-content\/gallery\/dawid-siwiecki\/thumbs\/thumbs_DSC_0172.JPG\"\n                    width=\"240\"\n                    height=\"160\"\n                    style=\"max-width:100%;\"\n                \/>\n            <\/a>\n        <\/div>\n\t\t\t\t\t\t\t<\/div> \n\t\t\t\n\t\t\t\t<div id=\"ngg-image-6\" class=\"ngg-gallery-thumbnail-box \" >\n\t\t\t\t        <div class=\"ngg-gallery-thumbnail\">\n            <a href=\"http:\/\/muzeum.brzozow.pl\/wp-content\/gallery\/dawid-siwiecki\/DSC_0148.JPG\"\n               title=\"\"\n               data-src=\"http:\/\/muzeum.brzozow.pl\/wp-content\/gallery\/dawid-siwiecki\/DSC_0148.JPG\"\n               data-thumbnail=\"http:\/\/muzeum.brzozow.pl\/wp-content\/gallery\/dawid-siwiecki\/thumbs\/thumbs_DSC_0148.JPG\"\n               data-image-id=\"821\"\n               data-title=\"DSC_0148\"\n               data-description=\"\"\n               data-image-slug=\"dsc_0148-1\"\n               class=\"ngg-simplelightbox\" rel=\"eb7a34caf599fe1636d389cd0627535b\">\n                <img\n                    title=\"DSC_0148\"\n                    alt=\"DSC_0148\"\n                    src=\"http:\/\/muzeum.brzozow.pl\/wp-content\/gallery\/dawid-siwiecki\/thumbs\/thumbs_DSC_0148.JPG\"\n                    width=\"240\"\n                    height=\"160\"\n                    style=\"max-width:100%;\"\n                \/>\n            <\/a>\n        <\/div>\n\t\t\t\t\t\t\t<\/div> \n\t\t\t\n\t\t\t\t<div id=\"ngg-image-7\" class=\"ngg-gallery-thumbnail-box \" >\n\t\t\t\t        <div class=\"ngg-gallery-thumbnail\">\n            <a href=\"http:\/\/muzeum.brzozow.pl\/wp-content\/gallery\/dawid-siwiecki\/DSC_0180.JPG\"\n               title=\"\"\n               data-src=\"http:\/\/muzeum.brzozow.pl\/wp-content\/gallery\/dawid-siwiecki\/DSC_0180.JPG\"\n               data-thumbnail=\"http:\/\/muzeum.brzozow.pl\/wp-content\/gallery\/dawid-siwiecki\/thumbs\/thumbs_DSC_0180.JPG\"\n               data-image-id=\"825\"\n               data-title=\"DSC_0180\"\n               data-description=\"\"\n               data-image-slug=\"dsc_0180\"\n               class=\"ngg-simplelightbox\" rel=\"eb7a34caf599fe1636d389cd0627535b\">\n                <img\n                    title=\"DSC_0180\"\n                    alt=\"DSC_0180\"\n                    src=\"http:\/\/muzeum.brzozow.pl\/wp-content\/gallery\/dawid-siwiecki\/thumbs\/thumbs_DSC_0180.JPG\"\n                    width=\"240\"\n                    height=\"160\"\n                    style=\"max-width:100%;\"\n                \/>\n            <\/a>\n        <\/div>\n\t\t\t\t\t\t\t<\/div> \n\t\t\t\n\t\t\t\t<div id=\"ngg-image-8\" class=\"ngg-gallery-thumbnail-box \" >\n\t\t\t\t        <div class=\"ngg-gallery-thumbnail\">\n            <a href=\"http:\/\/muzeum.brzozow.pl\/wp-content\/gallery\/dawid-siwiecki\/DSC_0185.JPG\"\n               title=\"\"\n               data-src=\"http:\/\/muzeum.brzozow.pl\/wp-content\/gallery\/dawid-siwiecki\/DSC_0185.JPG\"\n               data-thumbnail=\"http:\/\/muzeum.brzozow.pl\/wp-content\/gallery\/dawid-siwiecki\/thumbs\/thumbs_DSC_0185.JPG\"\n               data-image-id=\"824\"\n               data-title=\"DSC_0185\"\n               data-description=\"\"\n               data-image-slug=\"dsc_0185-2\"\n               class=\"ngg-simplelightbox\" rel=\"eb7a34caf599fe1636d389cd0627535b\">\n                <img\n                    title=\"DSC_0185\"\n                    alt=\"DSC_0185\"\n                    src=\"http:\/\/muzeum.brzozow.pl\/wp-content\/gallery\/dawid-siwiecki\/thumbs\/thumbs_DSC_0185.JPG\"\n                    width=\"240\"\n                    height=\"160\"\n                    style=\"max-width:100%;\"\n                \/>\n            <\/a>\n        <\/div>\n\t\t\t\t\t\t\t<\/div> \n\t\t\t\n\t\t\t\t<div id=\"ngg-image-9\" class=\"ngg-gallery-thumbnail-box \" >\n\t\t\t\t        <div class=\"ngg-gallery-thumbnail\">\n            <a href=\"http:\/\/muzeum.brzozow.pl\/wp-content\/gallery\/dawid-siwiecki\/DSC_0181.JPG\"\n               title=\"\"\n               data-src=\"http:\/\/muzeum.brzozow.pl\/wp-content\/gallery\/dawid-siwiecki\/DSC_0181.JPG\"\n               data-thumbnail=\"http:\/\/muzeum.brzozow.pl\/wp-content\/gallery\/dawid-siwiecki\/thumbs\/thumbs_DSC_0181.JPG\"\n               data-image-id=\"822\"\n               data-title=\"DSC_0181\"\n               data-description=\"\"\n               data-image-slug=\"dsc_0181\"\n               class=\"ngg-simplelightbox\" rel=\"eb7a34caf599fe1636d389cd0627535b\">\n                <img\n                    title=\"DSC_0181\"\n                    alt=\"DSC_0181\"\n                    src=\"http:\/\/muzeum.brzozow.pl\/wp-content\/gallery\/dawid-siwiecki\/thumbs\/thumbs_DSC_0181.JPG\"\n                    width=\"240\"\n                    height=\"160\"\n                    style=\"max-width:100%;\"\n                \/>\n            <\/a>\n        <\/div>\n\t\t\t\t\t\t\t<\/div> \n\t\t\t\n\t\n\t<br style=\"clear: both\" \/>\n\n\t\n\t\t<!-- Pagination -->\n\t<div class='ngg-clear'><\/div>\t<\/div>\n\n\n\n\n<p>Przed g\u0142\u00f3wnym prelegentem g\u0142os zabra\u0142 dyrektor muzeum wprowadzaj\u0105c s\u0142uchaczy w \u201eatmosfer\u0119\u201d omawianego tematu przejmowania cerkwi, zwracaj\u0105c uwag\u0119 na kontekst historyczny i realia polityczne tamtych nie\u0142atwych czas\u00f3w. <\/p>\n\n\n\n<p>Zwr\u00f3ci\u0142 uwag\u0119 na los cerkwi ju\u017c dla nas utraconych, kt\u00f3rych nie zdo\u0142ano uratowa\u0107. Powiedzia\u0142: \u201eCerkwi w Jab\u0142onicy Ruskiej, Wo\u0142odzi oraz w Uluczu (cerkiew parafialna \u015bw. Miko\u0142aja) ju\u017c nie ma. Zosta\u0142y bezpowrotnie utracone. Nie zdo\u0142ano ich uratowa\u0107 dla obecnego i przysz\u0142ych pokole\u0144. Cerkwiami, kt\u00f3re przetrwa\u0142y do dzisiaj zajmuje si\u0119 bohater spotkania. Jego ksi\u0105\u017cka jest niejako \u201ekontynuacj\u0105\u201d wydanej w podziemiu w latach 80-tych publikacji Ma\u0142gorzaty Rudnickiej (ps. Aleksander Na\u0142\u0119cz), kt\u00f3ra jako pierwsza podj\u0119\u0142a si\u0119 opisania tematu ratowania cerkwi, dzia\u0142aj\u0105c w Zespole Historyk\u00f3w utworzonym przez arcybiskupa Ignacego Tokarczuka, kt\u00f3rego celem by\u0142o badanie oraz dokumentowanie historii i ratowanie cerkwi na terenie diecezji przemyskiej\u201d. <\/p>\n\n\n\n<p>Dr Krzysztof Buczek przedstawi\u0142 prezentacj\u0119 sk\u0142adaj\u0105c\u0105 si\u0119 z 26 slajd\u00f3w. Pocz\u0105tkowa cz\u0119\u015b\u0107 prezentacji przybli\u017ca\u0142a kontekst i realia historyczne podj\u0119tego tematu. Przybli\u017cy\u0142 motywy, kt\u00f3rymi kierowa\u0142a si\u0119 w\u0142adza komunistyczna podejmuj\u0105c walk\u0119 z Ko\u015bcio\u0142em. \u015awie\u017co zainstalowana w\u0142adza ludowa postrzega\u0142a Ko\u015bci\u00f3\u0142 jako wsp\u00f3lnot\u0119, a ka\u017cda wsp\u00f3lnota to jej potencjalny przeciwnik.<\/p>\n\n\n\n<p>G\u0142os zabra\u0142 r\u00f3wnie\u017c ks. pra\u0142at Kazimierz Kaczor, kap\u0142an i spo\u0142ecznik z Haczowa, najd\u0142u\u017cej sprawuj\u0105cy w Polsce funkcj\u0119 Diecezjalnego Duszpasterza Rolnik\u00f3w w diecezji przemyskiej, kt\u00f3ry zosta\u0142 laureatem Nagrody im. bp. Romana Andrzejewskiego. W latach 1969\u20131972 pe\u0142ni\u0142 funkcj\u0119 wikarego w parafii \u015bw. Micha\u0142a Archanio\u0142a i \u015bw. Anny w Dydni. A p\u00f3\u017aniej by\u0142 proboszczem w parafii Nowosielce Kozickie. By\u0142 uczestnikiem przejmowania i odbudowy dla obrz\u0105dku rzymskokatolickiego cerkwi greckokatolickich w: Krzemiennej, Krzywem, Wojtkowej, Obarzymie i Jureczkowej.<\/p>\n","protected":false},"excerpt":{"rendered":"<p>We wtorkowe popo\u0142udnie, 14 marca,<\/p>\n","protected":false},"author":1,"featured_media":6792,"comment_status":"open","ping_status":"open","sticky":false,"template":"","format":"standard","meta":{"ngg_post_thumbnail":0},"categories":[1],"tags":[],"_links":{"self":[{"href":"http:\/\/muzeum.brzozow.pl\/index.php?rest_route=\/wp\/v2\/posts\/6790"}],"collection":[{"href":"http:\/\/muzeum.brzozow.pl\/index.php?rest_route=\/wp\/v2\/posts"}],"about":[{"href":"http:\/\/muzeum.brzozow.pl\/index.php?rest_route=\/wp\/v2\/types\/post"}],"author":[{"embeddable":true,"href":"http:\/\/muzeum.brzozow.pl\/index.php?rest_route=\/wp\/v2\/users\/1"}],"replies":[{"embeddable":true,"href":"http:\/\/muzeum.brzozow.pl\/index.php?rest_route=%2Fwp%2Fv2%2Fcomments&post=6790"}],"version-history":[{"count":1,"href":"http:\/\/muzeum.brzozow.pl\/index.php?rest_route=\/wp\/v2\/posts\/6790\/revisions"}],"predecessor-version":[{"id":6791,"href":"http:\/\/muzeum.brzozow.pl\/index.php?rest_route=\/wp\/v2\/posts\/6790\/revisions\/6791"}],"wp:featuredmedia":[{"embeddable":true,"href":"http:\/\/muzeum.brzozow.pl\/index.php?rest_route=\/wp\/v2\/media\/6792"}],"wp:attachment":[{"href":"http:\/\/muzeum.brzozow.pl\/index.php?rest_route=%2Fwp%2Fv2%2Fmedia&parent=6790"}],"wp:term":[{"taxonomy":"category","embeddable":true,"href":"http:\/\/muzeum.brzozow.pl\/index.php?rest_route=%2Fwp%2Fv2%2Fcategories&post=6790"},{"taxonomy":"post_tag","embeddable":true,"href":"http:\/\/muzeum.brzozow.pl\/index.php?rest_route=%2Fwp%2Fv2%2Ftags&post=6790"}],"curies":[{"name":"wp","href":"https:\/\/api.w.org\/{rel}","templated":true}]}}