{"id":6222,"date":"2022-03-04T11:18:00","date_gmt":"2022-03-04T10:18:00","guid":{"rendered":"http:\/\/muzeum.brzozow.pl\/?p=6222"},"modified":"2022-07-20T15:05:35","modified_gmt":"2022-07-20T13:05:35","slug":"abc","status":"publish","type":"post","link":"http:\/\/muzeum.brzozow.pl\/?p=6222","title":{"rendered":"Erasmusowcy w Brzozowie"},"content":{"rendered":"\n<p>W Bieszczadach na prze\u0142omie lutego i marca odby\u0142 si\u0119 projekt wymiany m\u0142odzie\u017cy \u201eTworzymy otwarty \u015bwiat: cyfryzacja, natura, integracja\u201d. By\u0142 on realizowany w ramach program Erasmus+ z udzia\u0142em m\u0142odzie\u017cy z Polski, Ukrainy i Macedonii P\u00f3\u0142nocnej. Uczestnicy projektu w ramach zaj\u0119\u0107 mi\u0119dzykulturowych i przyrodniczych organizowali wizyty studyjne. W czasie jednej z nich odwiedzili i zapoznali si\u0119 z dzia\u0142alno\u015bci\u0105 Muzeum Regionalnego w Brzozowie. Dowiedzieli si\u0119 od naszych pracownik\u00f3w o specyfice regionu Pog\u00f3rza jako mieszanki r\u00f3\u017cnych kultur. Poznali te\u017c najciekawsze, charakterystyczne dla tego regionu zjawiska przyrodnicze. Nasi pracownicy przeprowadzili dla m\u0142odzie\u017cy kr\u00f3tkie warsztaty oraz konkurs z poznanej wiedzy. <em>&#8211; Bardzo to dla nas by\u0142o interesuj\u0105ce spotkanie. Odnalaz\u0142am te\u017c pewne podobie\u0144stwa do wykonywanych w Macedonii ozd\u00f3b \u015bwi\u0105tecznych<\/em> \u2013 powiedzia\u0142a Cwetanka. <em>&#8211; Dla mnie z kolei by\u0142o interesuj\u0105ce, \u017ce w\u0142a\u015bnie pod Brzozowem sp\u0119dzi\u0142 dzieci\u0144stwo autor s\u0142\u00f3w hymnu Ukrainy, Myhaj\u0142o Werby\u0107kij<\/em> \u2013 doda\u0142 Bohdan. <em>&#8211; A ja ciesz\u0119 si\u0119, \u017ce mog\u0142em zobaczy\u0107 s\u0142ynne brzozowskie fajki i grzebienie <\/em>\u2013 skomentowa\u0142 Kacper. Opr\u00f3cz Brzozowa m\u0142odzie\u017c z Erasmusa odwiedzi\u0142a tego samego dnia (2.03.) skansen w Sanoku, gdzie znajduj\u0105 si\u0119 r\u00f3wnie\u017c budynki przeniesione z Brzozowa (poczta) i regionu brzozowskiego.<\/p>\n\n\n\n<p>Red<\/p>\n\n\n\n<figure class=\"wp-block-image size-large\"><img loading=\"lazy\" width=\"800\" height=\"229\" src=\"https:\/\/muzeum.brzozow.pl\/wp-content\/uploads\/2022\/07\/Erasmus_dobry.jpg\" alt=\"\" class=\"wp-image-6239\" srcset=\"http:\/\/muzeum.brzozow.pl\/wp-content\/uploads\/2022\/07\/Erasmus_dobry.jpg 800w, http:\/\/muzeum.brzozow.pl\/wp-content\/uploads\/2022\/07\/Erasmus_dobry-300x86.jpg 300w, http:\/\/muzeum.brzozow.pl\/wp-content\/uploads\/2022\/07\/Erasmus_dobry-768x220.jpg 768w\" sizes=\"(max-width: 800px) 100vw, 800px\" \/><\/figure>\n\n\n\n<figure class=\"wp-block-image size-large\"><img loading=\"lazy\" width=\"1024\" height=\"769\" src=\"https:\/\/muzeum.brzozow.pl\/wp-content\/uploads\/2022\/07\/P1070176-1-1024x769.jpg\" alt=\"\" class=\"wp-image-6241\" srcset=\"http:\/\/muzeum.brzozow.pl\/wp-content\/uploads\/2022\/07\/P1070176-1-1024x769.jpg 1024w, http:\/\/muzeum.brzozow.pl\/wp-content\/uploads\/2022\/07\/P1070176-1-300x225.jpg 300w, http:\/\/muzeum.brzozow.pl\/wp-content\/uploads\/2022\/07\/P1070176-1-768x577.jpg 768w, http:\/\/muzeum.brzozow.pl\/wp-content\/uploads\/2022\/07\/P1070176-1-1536x1153.jpg 1536w, http:\/\/muzeum.brzozow.pl\/wp-content\/uploads\/2022\/07\/P1070176-1-2048x1538.jpg 2048w, http:\/\/muzeum.brzozow.pl\/wp-content\/uploads\/2022\/07\/P1070176-1-600x450.jpg 600w\" sizes=\"(max-width: 1024px) 100vw, 1024px\" \/><\/figure>\n\n\n\n<figure class=\"wp-block-image size-large\"><img loading=\"lazy\" width=\"1024\" height=\"769\" src=\"https:\/\/muzeum.brzozow.pl\/wp-content\/uploads\/2022\/07\/P1070178-1024x769.jpg\" alt=\"\" class=\"wp-image-6242\" srcset=\"http:\/\/muzeum.brzozow.pl\/wp-content\/uploads\/2022\/07\/P1070178-1024x769.jpg 1024w, http:\/\/muzeum.brzozow.pl\/wp-content\/uploads\/2022\/07\/P1070178-300x225.jpg 300w, http:\/\/muzeum.brzozow.pl\/wp-content\/uploads\/2022\/07\/P1070178-768x577.jpg 768w, http:\/\/muzeum.brzozow.pl\/wp-content\/uploads\/2022\/07\/P1070178-1536x1153.jpg 1536w, http:\/\/muzeum.brzozow.pl\/wp-content\/uploads\/2022\/07\/P1070178-2048x1538.jpg 2048w, http:\/\/muzeum.brzozow.pl\/wp-content\/uploads\/2022\/07\/P1070178-600x450.jpg 600w\" sizes=\"(max-width: 1024px) 100vw, 1024px\" \/><\/figure>\n\n\n\n<figure class=\"wp-block-image size-large\"><img loading=\"lazy\" width=\"1024\" height=\"769\" src=\"https:\/\/muzeum.brzozow.pl\/wp-content\/uploads\/2022\/07\/P1070184-1024x769.jpg\" alt=\"\" class=\"wp-image-6243\" srcset=\"http:\/\/muzeum.brzozow.pl\/wp-content\/uploads\/2022\/07\/P1070184-1024x769.jpg 1024w, http:\/\/muzeum.brzozow.pl\/wp-content\/uploads\/2022\/07\/P1070184-300x225.jpg 300w, http:\/\/muzeum.brzozow.pl\/wp-content\/uploads\/2022\/07\/P1070184-768x577.jpg 768w, http:\/\/muzeum.brzozow.pl\/wp-content\/uploads\/2022\/07\/P1070184-1536x1153.jpg 1536w, http:\/\/muzeum.brzozow.pl\/wp-content\/uploads\/2022\/07\/P1070184-2048x1538.jpg 2048w, http:\/\/muzeum.brzozow.pl\/wp-content\/uploads\/2022\/07\/P1070184-600x450.jpg 600w\" sizes=\"(max-width: 1024px) 100vw, 1024px\" \/><\/figure>\n\n\n\n<figure class=\"wp-block-image size-large\"><img loading=\"lazy\" width=\"1024\" height=\"756\" src=\"http:\/\/muzeum.brzozow.pl\/wp-content\/uploads\/2022\/03\/DSC_0023-1024x756.jpg\" alt=\"\" class=\"wp-image-6244\" srcset=\"http:\/\/muzeum.brzozow.pl\/wp-content\/uploads\/2022\/03\/DSC_0023-1024x756.jpg 1024w, http:\/\/muzeum.brzozow.pl\/wp-content\/uploads\/2022\/03\/DSC_0023-300x222.jpg 300w, http:\/\/muzeum.brzozow.pl\/wp-content\/uploads\/2022\/03\/DSC_0023-768x567.jpg 768w, http:\/\/muzeum.brzozow.pl\/wp-content\/uploads\/2022\/03\/DSC_0023-1536x1134.jpg 1536w, http:\/\/muzeum.brzozow.pl\/wp-content\/uploads\/2022\/03\/DSC_0023-2048x1512.jpg 2048w\" sizes=\"(max-width: 1024px) 100vw, 1024px\" \/><\/figure>\n","protected":false},"excerpt":{"rendered":"<p>W Bieszczadach na prze\u0142omie lutego<\/p>\n","protected":false},"author":1,"featured_media":6238,"comment_status":"open","ping_status":"open","sticky":false,"template":"","format":"standard","meta":{"ngg_post_thumbnail":0},"categories":[1],"tags":[],"_links":{"self":[{"href":"http:\/\/muzeum.brzozow.pl\/index.php?rest_route=\/wp\/v2\/posts\/6222"}],"collection":[{"href":"http:\/\/muzeum.brzozow.pl\/index.php?rest_route=\/wp\/v2\/posts"}],"about":[{"href":"http:\/\/muzeum.brzozow.pl\/index.php?rest_route=\/wp\/v2\/types\/post"}],"author":[{"embeddable":true,"href":"http:\/\/muzeum.brzozow.pl\/index.php?rest_route=\/wp\/v2\/users\/1"}],"replies":[{"embeddable":true,"href":"http:\/\/muzeum.brzozow.pl\/index.php?rest_route=%2Fwp%2Fv2%2Fcomments&post=6222"}],"version-history":[{"count":3,"href":"http:\/\/muzeum.brzozow.pl\/index.php?rest_route=\/wp\/v2\/posts\/6222\/revisions"}],"predecessor-version":[{"id":6247,"href":"http:\/\/muzeum.brzozow.pl\/index.php?rest_route=\/wp\/v2\/posts\/6222\/revisions\/6247"}],"wp:featuredmedia":[{"embeddable":true,"href":"http:\/\/muzeum.brzozow.pl\/index.php?rest_route=\/wp\/v2\/media\/6238"}],"wp:attachment":[{"href":"http:\/\/muzeum.brzozow.pl\/index.php?rest_route=%2Fwp%2Fv2%2Fmedia&parent=6222"}],"wp:term":[{"taxonomy":"category","embeddable":true,"href":"http:\/\/muzeum.brzozow.pl\/index.php?rest_route=%2Fwp%2Fv2%2Fcategories&post=6222"},{"taxonomy":"post_tag","embeddable":true,"href":"http:\/\/muzeum.brzozow.pl\/index.php?rest_route=%2Fwp%2Fv2%2Ftags&post=6222"}],"curies":[{"name":"wp","href":"https:\/\/api.w.org\/{rel}","templated":true}]}}