{"id":6076,"date":"2022-06-06T10:35:14","date_gmt":"2022-06-06T08:35:14","guid":{"rendered":"http:\/\/muzeum.brzozow.pl\/?p=6076"},"modified":"2022-06-06T10:35:14","modified_gmt":"2022-06-06T08:35:14","slug":"pierwsza-noc-muzeow-w-brzozowie","status":"publish","type":"post","link":"http:\/\/muzeum.brzozow.pl\/?p=6076","title":{"rendered":"Pierwsza Noc Muze\u00f3w w Brzozowie"},"content":{"rendered":"\n<p>Pomys\u0142 organizacji Nocy Muze\u00f3w narodzi\u0142 si\u0119 w Niemczech ko\u0144cem XX w. Jej ide\u0105 jest nieodp\u0142atne udost\u0119pnienie dla zwiedzaj\u0105cych instytucji kultury. W tym roku do wspomnianej mi\u0119dzynarodowej inicjatywy do\u0142\u0105czy\u0142o si\u0119 r\u00f3wnie\u017c Muzeum Regionalne w Brzozowie. Trzynastego maja br. od godzin popo\u0142udniowych do p\u00f3\u017anych godzin nocnych go\u015bcie mogli bezp\u0142atnie zwiedzi\u0107 sale wystawy sta\u0142ej \u201eZ dziej\u00f3w i kultury regionu brzozowskiego\u201d. Dodatkowo w ramach muzealnego \u015bwi\u0119ta, odby\u0142 si\u0119 wernisa\u017c wystawy czasowej \u201eMotywy ludowe w pracach uczni\u00f3w PLSP\u201d. Ekspozycja ta, by\u0142a otwarta niemal do p\u00f3\u0142nocy r\u00f3wnolegle z wystaw\u0105 sta\u0142\u0105. W inauguracji uczestniczyli dyrektor PLSP Zbigniew Gle\u0144 oraz grono pedagogiczne, w tym pomys\u0142odawca ekspozycji \u2013 kierownik sekcji przedmiot\u00f3w artystycznych Grzegorz Tomkowicz. W wydarzeniu brali udzia\u0142 r\u00f3wnie\u017c m.in.. przewodnicz\u0105cy Rady Powiatu Brzozowskiego Henryk Kozik oraz emerytowana dyrektor Muzeum Regionalnego w Brzozowie Halina Ko\u015bci\u0144ska. Ca\u0142o\u015b\u0107 poprowadzi\u0142a dyrektor muzeum Agnieszka Adamska. Ponadto swym niezwyk\u0142ym \u015bpiewem wiecz\u00f3r u\u015bwietni\u0142a laureatka wielu konkurs\u00f3w wokalnych Oliwia Konieczna. Prace, kt\u00f3re mo\u017cna by\u0142o zwiedzi\u0107 na tymczasowej ekspozycji, wysz\u0142y spod r\u0119ki wychowank\u00f3w Pa\u0144stwowego Liceum Sztuk Plastycznych w Kro\u015bnie. Obejmowa\u0142y takie techniki i formy jak: malarstwo olejne i akrylowe, rze\u017ab\u0119 w drewnie, drzeworyt, tkanin\u0119 oraz formy u\u017cytkowe. Drugim wa\u017cnym punktem programu by\u0142 koncert Akademii Wokalno-Aktorskiej MF. Artis prowadzonej przez Mariol\u0119 Friedek. Przed brzozowsk\u0105 publiczno\u015bci\u0105 zaprezentowa\u0142y si\u0119 w\u00f3wczas (w kolejno\u015bci alfabetycznej): Aleksandra Adamczak, Marlena Brodzicka, Anna Czech, Milena Owsiana, Emilia Skarbek, Emilia Skiba, Amelia Sowi\u0144ska, Martyna Sowi\u0144ska, Julia \u015awi\u0105tek, Emilia W\u0142adyka oraz Anna Wojtal. Pierwsza brzozowska Noc Muze\u00f3w cieszy\u0142a si\u0119 znacznym zainteresowaniem. Kolejna edycja wydarzenia ju\u017c za rok. <\/p>\n\n\n\n<p>Tekst: Pawe\u0142 G\u0105dek, Mateusz Podkul<\/p>\n\n\n\n<p>Fot.: Marek Mara\u0144ski<\/p>\n\n\n\n<figure class=\"wp-block-gallery columns-3 is-cropped\"><ul class=\"blocks-gallery-grid\"><li class=\"blocks-gallery-item\"><figure><a href=\"https:\/\/muzeum.brzozow.pl\/wp-content\/uploads\/2022\/06\/281128389_5107021276048097_1363205745017153052_n.jpg\"><img loading=\"lazy\" width=\"1024\" height=\"683\" src=\"https:\/\/muzeum.brzozow.pl\/wp-content\/uploads\/2022\/06\/281128389_5107021276048097_1363205745017153052_n-1024x683.jpg\" alt=\"\" data-id=\"6078\" data-full-url=\"https:\/\/muzeum.brzozow.pl\/wp-content\/uploads\/2022\/06\/281128389_5107021276048097_1363205745017153052_n.jpg\" data-link=\"https:\/\/muzeum.brzozow.pl\/?attachment_id=6078\" class=\"wp-image-6078\" srcset=\"http:\/\/muzeum.brzozow.pl\/wp-content\/uploads\/2022\/06\/281128389_5107021276048097_1363205745017153052_n-1024x683.jpg 1024w, http:\/\/muzeum.brzozow.pl\/wp-content\/uploads\/2022\/06\/281128389_5107021276048097_1363205745017153052_n-300x200.jpg 300w, http:\/\/muzeum.brzozow.pl\/wp-content\/uploads\/2022\/06\/281128389_5107021276048097_1363205745017153052_n-768x512.jpg 768w, http:\/\/muzeum.brzozow.pl\/wp-content\/uploads\/2022\/06\/281128389_5107021276048097_1363205745017153052_n-1536x1024.jpg 1536w, http:\/\/muzeum.brzozow.pl\/wp-content\/uploads\/2022\/06\/281128389_5107021276048097_1363205745017153052_n.jpg 2048w\" sizes=\"(max-width: 1024px) 100vw, 1024px\" \/><\/a><\/figure><\/li><li class=\"blocks-gallery-item\"><figure><a href=\"https:\/\/muzeum.brzozow.pl\/wp-content\/uploads\/2022\/06\/281586399_5106876736062551_2992704002243228371_n.jpg\"><img loading=\"lazy\" width=\"1024\" height=\"683\" src=\"https:\/\/muzeum.brzozow.pl\/wp-content\/uploads\/2022\/06\/281586399_5106876736062551_2992704002243228371_n-1024x683.jpg\" alt=\"\" data-id=\"6079\" data-full-url=\"https:\/\/muzeum.brzozow.pl\/wp-content\/uploads\/2022\/06\/281586399_5106876736062551_2992704002243228371_n.jpg\" data-link=\"https:\/\/muzeum.brzozow.pl\/?attachment_id=6079\" class=\"wp-image-6079\" srcset=\"http:\/\/muzeum.brzozow.pl\/wp-content\/uploads\/2022\/06\/281586399_5106876736062551_2992704002243228371_n-1024x683.jpg 1024w, http:\/\/muzeum.brzozow.pl\/wp-content\/uploads\/2022\/06\/281586399_5106876736062551_2992704002243228371_n-300x200.jpg 300w, http:\/\/muzeum.brzozow.pl\/wp-content\/uploads\/2022\/06\/281586399_5106876736062551_2992704002243228371_n-768x512.jpg 768w, http:\/\/muzeum.brzozow.pl\/wp-content\/uploads\/2022\/06\/281586399_5106876736062551_2992704002243228371_n-1536x1024.jpg 1536w, http:\/\/muzeum.brzozow.pl\/wp-content\/uploads\/2022\/06\/281586399_5106876736062551_2992704002243228371_n.jpg 2048w\" sizes=\"(max-width: 1024px) 100vw, 1024px\" \/><\/a><\/figure><\/li><li class=\"blocks-gallery-item\"><figure><a href=\"https:\/\/muzeum.brzozow.pl\/wp-content\/uploads\/2022\/06\/281868842_5106972726052952_7475882174986313467_n.jpg\"><img loading=\"lazy\" width=\"1024\" height=\"683\" src=\"https:\/\/muzeum.brzozow.pl\/wp-content\/uploads\/2022\/06\/281868842_5106972726052952_7475882174986313467_n-1024x683.jpg\" alt=\"\" data-id=\"6080\" data-full-url=\"https:\/\/muzeum.brzozow.pl\/wp-content\/uploads\/2022\/06\/281868842_5106972726052952_7475882174986313467_n.jpg\" data-link=\"https:\/\/muzeum.brzozow.pl\/?attachment_id=6080\" class=\"wp-image-6080\" srcset=\"http:\/\/muzeum.brzozow.pl\/wp-content\/uploads\/2022\/06\/281868842_5106972726052952_7475882174986313467_n-1024x683.jpg 1024w, http:\/\/muzeum.brzozow.pl\/wp-content\/uploads\/2022\/06\/281868842_5106972726052952_7475882174986313467_n-300x200.jpg 300w, http:\/\/muzeum.brzozow.pl\/wp-content\/uploads\/2022\/06\/281868842_5106972726052952_7475882174986313467_n-768x512.jpg 768w, http:\/\/muzeum.brzozow.pl\/wp-content\/uploads\/2022\/06\/281868842_5106972726052952_7475882174986313467_n-1536x1024.jpg 1536w, http:\/\/muzeum.brzozow.pl\/wp-content\/uploads\/2022\/06\/281868842_5106972726052952_7475882174986313467_n.jpg 2048w\" sizes=\"(max-width: 1024px) 100vw, 1024px\" \/><\/a><\/figure><\/li><\/ul><\/figure>\n\n\n\n<p><\/p>\n","protected":false},"excerpt":{"rendered":"<p>Pomys\u0142 organizacji Nocy Muze\u00f3w narodzi\u0142<\/p>\n","protected":false},"author":1,"featured_media":6081,"comment_status":"open","ping_status":"open","sticky":false,"template":"","format":"standard","meta":{"ngg_post_thumbnail":0},"categories":[35,16],"tags":[],"_links":{"self":[{"href":"http:\/\/muzeum.brzozow.pl\/index.php?rest_route=\/wp\/v2\/posts\/6076"}],"collection":[{"href":"http:\/\/muzeum.brzozow.pl\/index.php?rest_route=\/wp\/v2\/posts"}],"about":[{"href":"http:\/\/muzeum.brzozow.pl\/index.php?rest_route=\/wp\/v2\/types\/post"}],"author":[{"embeddable":true,"href":"http:\/\/muzeum.brzozow.pl\/index.php?rest_route=\/wp\/v2\/users\/1"}],"replies":[{"embeddable":true,"href":"http:\/\/muzeum.brzozow.pl\/index.php?rest_route=%2Fwp%2Fv2%2Fcomments&post=6076"}],"version-history":[{"count":2,"href":"http:\/\/muzeum.brzozow.pl\/index.php?rest_route=\/wp\/v2\/posts\/6076\/revisions"}],"predecessor-version":[{"id":6082,"href":"http:\/\/muzeum.brzozow.pl\/index.php?rest_route=\/wp\/v2\/posts\/6076\/revisions\/6082"}],"wp:featuredmedia":[{"embeddable":true,"href":"http:\/\/muzeum.brzozow.pl\/index.php?rest_route=\/wp\/v2\/media\/6081"}],"wp:attachment":[{"href":"http:\/\/muzeum.brzozow.pl\/index.php?rest_route=%2Fwp%2Fv2%2Fmedia&parent=6076"}],"wp:term":[{"taxonomy":"category","embeddable":true,"href":"http:\/\/muzeum.brzozow.pl\/index.php?rest_route=%2Fwp%2Fv2%2Fcategories&post=6076"},{"taxonomy":"post_tag","embeddable":true,"href":"http:\/\/muzeum.brzozow.pl\/index.php?rest_route=%2Fwp%2Fv2%2Ftags&post=6076"}],"curies":[{"name":"wp","href":"https:\/\/api.w.org\/{rel}","templated":true}]}}