{"id":5441,"date":"2021-05-10T12:03:16","date_gmt":"2021-05-10T10:03:16","guid":{"rendered":"http:\/\/muzeum.brzozow.pl\/?p=5441"},"modified":"2021-05-25T14:06:09","modified_gmt":"2021-05-25T12:06:09","slug":"armie-swiata-w-miniaturze-marka-siadkowskiego","status":"publish","type":"post","link":"http:\/\/muzeum.brzozow.pl\/?p=5441","title":{"rendered":"ARMIE \u015aWIATA W MINIATURZE Marka Siadkowskiego"},"content":{"rendered":"\n<p>&#8222;Armie \u015bwiata w miniaturze Marka Siadkowskiego&#8221; to nowa wystawa czasowa w naszym muzeum, kt\u00f3rej otwarcie mia\u0142o miejsce w sobot\u0119, 8 maja 2021 r.Przygotowana zosta\u0142a 20 lat po pierwszej indywidualnej ekspozycji prac Marka Siadkowskiego, kt\u00f3r\u0105 tak\u017ce gosci\u0142o nasze muzeum. W\u00f3wczas jako temat przewodni kr\u00f3lowa\u0142a II wojna \u015bwiatowa. Obecna wystawa to przegl\u0105d przez dzieje wojskowo\u015bci &#8211; od staro\u017cytno\u015bci po II wojn\u0119 \u015bwiatow\u0105. Prezentowane ma\u0142e dzie\u0142a modelarskie mo\u017cna podzieli\u0107 na trzy grupy: figurki z okres\u00f3w rozwoju uzbrojenia pojedynczego \u017co\u0142nierza, pojazdy i sprz\u0119t wojskowy oraz samoloty. W sumie na eskpozycj\u0119 sk\u0142ada si\u0119 11 tysi\u0119cy figurek \u017co\u0142nierzy, 48 pojazd\u00f3w, 21 samolot\u00f3w, 1 diorama i 9 winietek.Autor wystawy &#8211; Marek Siadkowski &#8211; to pasjonat modelarstwa od 1993 r., wywodz\u0105cy si\u0119 z Dolnego \u015al\u0105ska emerytowany stra\u017cak, od 25 lat zamieszka\u0142y w Brzozowie, uczestnik wielu konkurs\u00f3w. <\/p>\n\n\n\n<p>Fot. Marek Mara\u0144ski, Marcin Micha\u0144czyk. <\/p>\n\n\n\n<figure class=\"wp-block-embed is-type-video is-provider-youtube wp-block-embed-youtube wp-embed-aspect-16-9 wp-has-aspect-ratio\"><div class=\"wp-block-embed__wrapper\">\n<iframe title=\"Wernisa\u017c wystawy &quot;ARMIE \u015aWIATA w miniaturze Marka Siadkowskiego.\" width=\"910\" height=\"512\" src=\"https:\/\/www.youtube.com\/embed\/gA2RE5BID_Y?start=24&#038;feature=oembed\" frameborder=\"0\" allow=\"accelerometer; autoplay; clipboard-write; encrypted-media; gyroscope; picture-in-picture\" allowfullscreen><\/iframe>\n<\/div><\/figure>\n\n\n\n<!-- default-view.php -->\n<div\n\tclass=\"ngg-galleryoverview default-view \"\n\tid=\"ngg-gallery-f31587236e0c7c45be5b316cbe88a765-1\">\n\n\t\t<!-- Thumbnails -->\n\t\t\t\t<div id=\"ngg-image-0\" class=\"ngg-gallery-thumbnail-box \" >\n\t\t\t\t        <div class=\"ngg-gallery-thumbnail\">\n            <a href=\"http:\/\/muzeum.brzozow.pl\/wp-content\/gallery\/armie-swiata\/DSC_0085.jpg\"\n               title=\"Wernisa\u017c rozpocz\u0119\u0142a dyrektor muzeum Agnieszka Adamska. Fot. Marek Mara\u0144ski.\"\n               data-src=\"http:\/\/muzeum.brzozow.pl\/wp-content\/gallery\/armie-swiata\/DSC_0085.jpg\"\n               data-thumbnail=\"http:\/\/muzeum.brzozow.pl\/wp-content\/gallery\/armie-swiata\/thumbs\/thumbs_DSC_0085.jpg\"\n               data-image-id=\"524\"\n               data-title=\"DSC_0085\"\n               data-description=\"Wernisa\u017c rozpocz\u0119\u0142a dyrektor muzeum Agnieszka Adamska. Fot. Marek Mara\u0144ski.\"\n               data-image-slug=\"dsc_0085\"\n               class=\"ngg-simplelightbox\" rel=\"f31587236e0c7c45be5b316cbe88a765\">\n                <img\n                    title=\"DSC_0085\"\n                    alt=\"DSC_0085\"\n                    src=\"http:\/\/muzeum.brzozow.pl\/wp-content\/gallery\/armie-swiata\/thumbs\/thumbs_DSC_0085.jpg\"\n                    width=\"240\"\n                    height=\"160\"\n                    style=\"max-width:100%;\"\n                \/>\n            <\/a>\n        <\/div>\n\t\t\t\t\t\t\t<\/div> \n\t\t\t\n\t\t\t\t<div id=\"ngg-image-1\" class=\"ngg-gallery-thumbnail-box \" >\n\t\t\t\t        <div class=\"ngg-gallery-thumbnail\">\n            <a href=\"http:\/\/muzeum.brzozow.pl\/wp-content\/gallery\/armie-swiata\/DSC_0126.jpg\"\n               title=\"Kilka s\u0142\u00f3w o modelach powiedzia\u0142 r\u00f3wnie\u017c sam autor.  Fot. Marek Mara\u0144ski.\"\n               data-src=\"http:\/\/muzeum.brzozow.pl\/wp-content\/gallery\/armie-swiata\/DSC_0126.jpg\"\n               data-thumbnail=\"http:\/\/muzeum.brzozow.pl\/wp-content\/gallery\/armie-swiata\/thumbs\/thumbs_DSC_0126.jpg\"\n               data-image-id=\"527\"\n               data-title=\"DSC_0126\"\n               data-description=\"Kilka s\u0142\u00f3w o modelach powiedzia\u0142 r\u00f3wnie\u017c sam autor.  Fot. Marek Mara\u0144ski.\"\n               data-image-slug=\"dsc_0126-2\"\n               class=\"ngg-simplelightbox\" rel=\"f31587236e0c7c45be5b316cbe88a765\">\n                <img\n                    title=\"DSC_0126\"\n                    alt=\"DSC_0126\"\n                    src=\"http:\/\/muzeum.brzozow.pl\/wp-content\/gallery\/armie-swiata\/thumbs\/thumbs_DSC_0126.jpg\"\n                    width=\"240\"\n                    height=\"160\"\n                    style=\"max-width:100%;\"\n                \/>\n            <\/a>\n        <\/div>\n\t\t\t\t\t\t\t<\/div> \n\t\t\t\n\t\t\t\t<div id=\"ngg-image-2\" class=\"ngg-gallery-thumbnail-box \" >\n\t\t\t\t        <div class=\"ngg-gallery-thumbnail\">\n            <a href=\"http:\/\/muzeum.brzozow.pl\/wp-content\/gallery\/armie-swiata\/DSC_0159.jpg\"\n               title=\"Marek Siadkowski z \u017con\u0105 Ann\u0105.  Fot. Marek Mara\u0144ski.\"\n               data-src=\"http:\/\/muzeum.brzozow.pl\/wp-content\/gallery\/armie-swiata\/DSC_0159.jpg\"\n               data-thumbnail=\"http:\/\/muzeum.brzozow.pl\/wp-content\/gallery\/armie-swiata\/thumbs\/thumbs_DSC_0159.jpg\"\n               data-image-id=\"526\"\n               data-title=\"DSC_0159\"\n               data-description=\"Marek Siadkowski z \u017con\u0105 Ann\u0105.  Fot. Marek Mara\u0144ski.\"\n               data-image-slug=\"dsc_0159\"\n               class=\"ngg-simplelightbox\" rel=\"f31587236e0c7c45be5b316cbe88a765\">\n                <img\n                    title=\"DSC_0159\"\n                    alt=\"DSC_0159\"\n                    src=\"http:\/\/muzeum.brzozow.pl\/wp-content\/gallery\/armie-swiata\/thumbs\/thumbs_DSC_0159.jpg\"\n                    width=\"240\"\n                    height=\"160\"\n                    style=\"max-width:100%;\"\n                \/>\n            <\/a>\n        <\/div>\n\t\t\t\t\t\t\t<\/div> \n\t\t\t\n\t\t\t\t<div id=\"ngg-image-3\" class=\"ngg-gallery-thumbnail-box \" >\n\t\t\t\t        <div class=\"ngg-gallery-thumbnail\">\n            <a href=\"http:\/\/muzeum.brzozow.pl\/wp-content\/gallery\/armie-swiata\/DSC_0074.jpg\"\n               title=\"Uwag\u0119 zwiedzaj\u0105cych przykuwa\u0142y wykonane ze szczeg\u00f3ln\u0105 precyzj\u0105 detale modeli.  Fot. Marek Mara\u0144ski.\"\n               data-src=\"http:\/\/muzeum.brzozow.pl\/wp-content\/gallery\/armie-swiata\/DSC_0074.jpg\"\n               data-thumbnail=\"http:\/\/muzeum.brzozow.pl\/wp-content\/gallery\/armie-swiata\/thumbs\/thumbs_DSC_0074.jpg\"\n               data-image-id=\"523\"\n               data-title=\"DSC_0074\"\n               data-description=\"Uwag\u0119 zwiedzaj\u0105cych przykuwa\u0142y wykonane ze szczeg\u00f3ln\u0105 precyzj\u0105 detale modeli.  Fot. Marek Mara\u0144ski.\"\n               data-image-slug=\"dsc_0074\"\n               class=\"ngg-simplelightbox\" rel=\"f31587236e0c7c45be5b316cbe88a765\">\n                <img\n                    title=\"DSC_0074\"\n                    alt=\"DSC_0074\"\n                    src=\"http:\/\/muzeum.brzozow.pl\/wp-content\/gallery\/armie-swiata\/thumbs\/thumbs_DSC_0074.jpg\"\n                    width=\"240\"\n                    height=\"160\"\n                    style=\"max-width:100%;\"\n                \/>\n            <\/a>\n        <\/div>\n\t\t\t\t\t\t\t<\/div> \n\t\t\t\n\t\t\t\t<div id=\"ngg-image-4\" class=\"ngg-gallery-thumbnail-box \" >\n\t\t\t\t        <div class=\"ngg-gallery-thumbnail\">\n            <a href=\"http:\/\/muzeum.brzozow.pl\/wp-content\/gallery\/armie-swiata\/DSC_0201.jpg\"\n               title=\"Zach\u0119camy do zwiedzania z w\u0142asn\u0105 lup\u0105.  Fot. Marek Mara\u0144ski.\"\n               data-src=\"http:\/\/muzeum.brzozow.pl\/wp-content\/gallery\/armie-swiata\/DSC_0201.jpg\"\n               data-thumbnail=\"http:\/\/muzeum.brzozow.pl\/wp-content\/gallery\/armie-swiata\/thumbs\/thumbs_DSC_0201.jpg\"\n               data-image-id=\"525\"\n               data-title=\"DSC_0201\"\n               data-description=\"Zach\u0119camy do zwiedzania z w\u0142asn\u0105 lup\u0105.  Fot. Marek Mara\u0144ski.\"\n               data-image-slug=\"dsc_0201\"\n               class=\"ngg-simplelightbox\" rel=\"f31587236e0c7c45be5b316cbe88a765\">\n                <img\n                    title=\"DSC_0201\"\n                    alt=\"DSC_0201\"\n                    src=\"http:\/\/muzeum.brzozow.pl\/wp-content\/gallery\/armie-swiata\/thumbs\/thumbs_DSC_0201.jpg\"\n                    width=\"240\"\n                    height=\"160\"\n                    style=\"max-width:100%;\"\n                \/>\n            <\/a>\n        <\/div>\n\t\t\t\t\t\t\t<\/div> \n\t\t\t\n\t\t\t\t<div id=\"ngg-image-5\" class=\"ngg-gallery-thumbnail-box \" >\n\t\t\t\t        <div class=\"ngg-gallery-thumbnail\">\n            <a href=\"http:\/\/muzeum.brzozow.pl\/wp-content\/gallery\/armie-swiata\/DSC_0192.jpg\"\n               title=\"Jak si\u0119 okazuje, m\u0142odzie\u017c r\u00f3wnie\u017c interesuje si\u0119 tematyk\u0105 militarn\u0105.  Fot. Marek Mara\u0144ski.\"\n               data-src=\"http:\/\/muzeum.brzozow.pl\/wp-content\/gallery\/armie-swiata\/DSC_0192.jpg\"\n               data-thumbnail=\"http:\/\/muzeum.brzozow.pl\/wp-content\/gallery\/armie-swiata\/thumbs\/thumbs_DSC_0192.jpg\"\n               data-image-id=\"528\"\n               data-title=\"DSC_0192\"\n               data-description=\"Jak si\u0119 okazuje, m\u0142odzie\u017c r\u00f3wnie\u017c interesuje si\u0119 tematyk\u0105 militarn\u0105.  Fot. Marek Mara\u0144ski.\"\n               data-image-slug=\"dsc_0192\"\n               class=\"ngg-simplelightbox\" rel=\"f31587236e0c7c45be5b316cbe88a765\">\n                <img\n                    title=\"DSC_0192\"\n                    alt=\"DSC_0192\"\n                    src=\"http:\/\/muzeum.brzozow.pl\/wp-content\/gallery\/armie-swiata\/thumbs\/thumbs_DSC_0192.jpg\"\n                    width=\"240\"\n                    height=\"160\"\n                    style=\"max-width:100%;\"\n                \/>\n            <\/a>\n        <\/div>\n\t\t\t\t\t\t\t<\/div> \n\t\t\t\n\t\t\t\t<div id=\"ngg-image-6\" class=\"ngg-gallery-thumbnail-box \" >\n\t\t\t\t        <div class=\"ngg-gallery-thumbnail\">\n            <a href=\"http:\/\/muzeum.brzozow.pl\/wp-content\/gallery\/armie-swiata\/DSC_6445.jpg\"\n               title=\"U\u0142an Legii Nadwi\u015bla\u0144skiej. Preobra\u017ce\u0144ski pu\u0142k gwardii.  Fot. Marcin Micha\u0144czyk.\"\n               data-src=\"http:\/\/muzeum.brzozow.pl\/wp-content\/gallery\/armie-swiata\/DSC_6445.jpg\"\n               data-thumbnail=\"http:\/\/muzeum.brzozow.pl\/wp-content\/gallery\/armie-swiata\/thumbs\/thumbs_DSC_6445.jpg\"\n               data-image-id=\"529\"\n               data-title=\"DSC_6445\"\n               data-description=\"U\u0142an Legii Nadwi\u015bla\u0144skiej. Preobra\u017ce\u0144ski pu\u0142k gwardii.  Fot. Marcin Micha\u0144czyk.\"\n               data-image-slug=\"dsc_6445\"\n               class=\"ngg-simplelightbox\" rel=\"f31587236e0c7c45be5b316cbe88a765\">\n                <img\n                    title=\"DSC_6445\"\n                    alt=\"DSC_6445\"\n                    src=\"http:\/\/muzeum.brzozow.pl\/wp-content\/gallery\/armie-swiata\/thumbs\/thumbs_DSC_6445.jpg\"\n                    width=\"240\"\n                    height=\"160\"\n                    style=\"max-width:100%;\"\n                \/>\n            <\/a>\n        <\/div>\n\t\t\t\t\t\t\t<\/div> \n\t\t\t\n\t\t\t\t<div id=\"ngg-image-7\" class=\"ngg-gallery-thumbnail-box \" >\n\t\t\t\t        <div class=\"ngg-gallery-thumbnail\">\n            <a href=\"http:\/\/muzeum.brzozow.pl\/wp-content\/gallery\/armie-swiata\/DSC_6463.jpg\"\n               title=\"Fragment jednej z dioram. Fot. Marcin Micha\u0144czyk.\"\n               data-src=\"http:\/\/muzeum.brzozow.pl\/wp-content\/gallery\/armie-swiata\/DSC_6463.jpg\"\n               data-thumbnail=\"http:\/\/muzeum.brzozow.pl\/wp-content\/gallery\/armie-swiata\/thumbs\/thumbs_DSC_6463.jpg\"\n               data-image-id=\"531\"\n               data-title=\"DSC_6463\"\n               data-description=\"Fragment jednej z dioram. Fot. Marcin Micha\u0144czyk.\"\n               data-image-slug=\"dsc_6463\"\n               class=\"ngg-simplelightbox\" rel=\"f31587236e0c7c45be5b316cbe88a765\">\n                <img\n                    title=\"DSC_6463\"\n                    alt=\"DSC_6463\"\n                    src=\"http:\/\/muzeum.brzozow.pl\/wp-content\/gallery\/armie-swiata\/thumbs\/thumbs_DSC_6463.jpg\"\n                    width=\"240\"\n                    height=\"160\"\n                    style=\"max-width:100%;\"\n                \/>\n            <\/a>\n        <\/div>\n\t\t\t\t\t\t\t<\/div> \n\t\t\t\n\t\t\t\t<div id=\"ngg-image-8\" class=\"ngg-gallery-thumbnail-box \" >\n\t\t\t\t        <div class=\"ngg-gallery-thumbnail\">\n            <a href=\"http:\/\/muzeum.brzozow.pl\/wp-content\/gallery\/armie-swiata\/DSC_6485.jpg\"\n               title=\"KAWASAKI Ki-61 HIEN, por.  Shunzo Takashima 244 th AIR GROUP, Maj 1945 JAPONIA. Fot. Marcin Micha\u0144czyk.\"\n               data-src=\"http:\/\/muzeum.brzozow.pl\/wp-content\/gallery\/armie-swiata\/DSC_6485.jpg\"\n               data-thumbnail=\"http:\/\/muzeum.brzozow.pl\/wp-content\/gallery\/armie-swiata\/thumbs\/thumbs_DSC_6485.jpg\"\n               data-image-id=\"533\"\n               data-title=\"DSC_6485\"\n               data-description=\"KAWASAKI Ki-61 HIEN, por.  Shunzo Takashima 244 th AIR GROUP, Maj 1945 JAPONIA. Fot. Marcin Micha\u0144czyk.\"\n               data-image-slug=\"dsc_6485\"\n               class=\"ngg-simplelightbox\" rel=\"f31587236e0c7c45be5b316cbe88a765\">\n                <img\n                    title=\"DSC_6485\"\n                    alt=\"DSC_6485\"\n                    src=\"http:\/\/muzeum.brzozow.pl\/wp-content\/gallery\/armie-swiata\/thumbs\/thumbs_DSC_6485.jpg\"\n                    width=\"240\"\n                    height=\"160\"\n                    style=\"max-width:100%;\"\n                \/>\n            <\/a>\n        <\/div>\n\t\t\t\t\t\t\t<\/div> \n\t\t\t\n\t\t\t\t<div id=\"ngg-image-9\" class=\"ngg-gallery-thumbnail-box \" >\n\t\t\t\t        <div class=\"ngg-gallery-thumbnail\">\n            <a href=\"http:\/\/muzeum.brzozow.pl\/wp-content\/gallery\/armie-swiata\/DSC_6919.jpg\"\n               title=\"M1130 STRYKER COMMAND VEHICLE USA. Fot. Marcin Micha\u0144czyk.\"\n               data-src=\"http:\/\/muzeum.brzozow.pl\/wp-content\/gallery\/armie-swiata\/DSC_6919.jpg\"\n               data-thumbnail=\"http:\/\/muzeum.brzozow.pl\/wp-content\/gallery\/armie-swiata\/thumbs\/thumbs_DSC_6919.jpg\"\n               data-image-id=\"535\"\n               data-title=\"DSC_6919\"\n               data-description=\"M1130 STRYKER COMMAND VEHICLE USA. Fot. Marcin Micha\u0144czyk.\"\n               data-image-slug=\"dsc_6919\"\n               class=\"ngg-simplelightbox\" rel=\"f31587236e0c7c45be5b316cbe88a765\">\n                <img\n                    title=\"DSC_6919\"\n                    alt=\"DSC_6919\"\n                    src=\"http:\/\/muzeum.brzozow.pl\/wp-content\/gallery\/armie-swiata\/thumbs\/thumbs_DSC_6919.jpg\"\n                    width=\"240\"\n                    height=\"160\"\n                    style=\"max-width:100%;\"\n                \/>\n            <\/a>\n        <\/div>\n\t\t\t\t\t\t\t<\/div> \n\t\t\t\n\t\t\t\t<div id=\"ngg-image-10\" class=\"ngg-gallery-thumbnail-box \" >\n\t\t\t\t        <div class=\"ngg-gallery-thumbnail\">\n            <a href=\"http:\/\/muzeum.brzozow.pl\/wp-content\/gallery\/armie-swiata\/DSC_6957.jpg\"\n               title=\"Detale M1A2 SEP V2 ABRAMS, 2 Batalion, 1 Brygada Pancerna, 3 Dywizja Piechoty, USA. Fot. Marcin Micha\u0144czyk.\"\n               data-src=\"http:\/\/muzeum.brzozow.pl\/wp-content\/gallery\/armie-swiata\/DSC_6957.jpg\"\n               data-thumbnail=\"http:\/\/muzeum.brzozow.pl\/wp-content\/gallery\/armie-swiata\/thumbs\/thumbs_DSC_6957.jpg\"\n               data-image-id=\"537\"\n               data-title=\"DSC_6957\"\n               data-description=\"Detale M1A2 SEP V2 ABRAMS, 2 Batalion, 1 Brygada Pancerna, 3 Dywizja Piechoty, USA. Fot. Marcin Micha\u0144czyk.\"\n               data-image-slug=\"dsc_6957\"\n               class=\"ngg-simplelightbox\" rel=\"f31587236e0c7c45be5b316cbe88a765\">\n                <img\n                    title=\"DSC_6957\"\n                    alt=\"DSC_6957\"\n                    src=\"http:\/\/muzeum.brzozow.pl\/wp-content\/gallery\/armie-swiata\/thumbs\/thumbs_DSC_6957.jpg\"\n                    width=\"240\"\n                    height=\"160\"\n                    style=\"max-width:100%;\"\n                \/>\n            <\/a>\n        <\/div>\n\t\t\t\t\t\t\t<\/div> \n\t\t\t\n\t\n\t<br style=\"clear: both\" \/>\n\n\t\n\t\t<!-- Pagination -->\n\t<div class='ngg-clear'><\/div>\t<\/div>\n\n","protected":false},"excerpt":{"rendered":"<p>&#8222;Armie \u015bwiata w miniaturze Marka<\/p>\n","protected":false},"author":1,"featured_media":0,"comment_status":"open","ping_status":"open","sticky":false,"template":"","format":"standard","meta":{"ngg_post_thumbnail":0},"categories":[33,2,10,34,16],"tags":[],"_links":{"self":[{"href":"http:\/\/muzeum.brzozow.pl\/index.php?rest_route=\/wp\/v2\/posts\/5441"}],"collection":[{"href":"http:\/\/muzeum.brzozow.pl\/index.php?rest_route=\/wp\/v2\/posts"}],"about":[{"href":"http:\/\/muzeum.brzozow.pl\/index.php?rest_route=\/wp\/v2\/types\/post"}],"author":[{"embeddable":true,"href":"http:\/\/muzeum.brzozow.pl\/index.php?rest_route=\/wp\/v2\/users\/1"}],"replies":[{"embeddable":true,"href":"http:\/\/muzeum.brzozow.pl\/index.php?rest_route=%2Fwp%2Fv2%2Fcomments&post=5441"}],"version-history":[{"count":4,"href":"http:\/\/muzeum.brzozow.pl\/index.php?rest_route=\/wp\/v2\/posts\/5441\/revisions"}],"predecessor-version":[{"id":5466,"href":"http:\/\/muzeum.brzozow.pl\/index.php?rest_route=\/wp\/v2\/posts\/5441\/revisions\/5466"}],"wp:attachment":[{"href":"http:\/\/muzeum.brzozow.pl\/index.php?rest_route=%2Fwp%2Fv2%2Fmedia&parent=5441"}],"wp:term":[{"taxonomy":"category","embeddable":true,"href":"http:\/\/muzeum.brzozow.pl\/index.php?rest_route=%2Fwp%2Fv2%2Fcategories&post=5441"},{"taxonomy":"post_tag","embeddable":true,"href":"http:\/\/muzeum.brzozow.pl\/index.php?rest_route=%2Fwp%2Fv2%2Ftags&post=5441"}],"curies":[{"name":"wp","href":"https:\/\/api.w.org\/{rel}","templated":true}]}}