{"id":2762,"date":"2020-02-14T15:53:34","date_gmt":"2020-02-14T14:53:34","guid":{"rendered":"http:\/\/www.muzeum.brzozow.pl\/?p=2762"},"modified":"2021-03-08T12:32:33","modified_gmt":"2021-03-08T11:32:33","slug":"artystyczny-lancuch-z-ogniw-rodzinnych","status":"publish","type":"post","link":"http:\/\/muzeum.brzozow.pl\/?p=2762","title":{"rendered":"Artystyczny \u0142a\u0144cuch z ogniw rodzinnych"},"content":{"rendered":"<p style=\"text-align: justify;\"><span style=\"font-size: 14pt;\">\u201eOgniwa\u201d \u2013 taki tytu\u0142 nosi wystawa czasowa udost\u0119pniona do zwiedzania w lutym, w naszym muzeum. Sk\u0142adaj\u0105 si\u0119 na ni\u0105 prace uznanego ju\u017c artysty Grzegorza Tomkowicza (rze\u017aba), jego syn\u00f3w Mi\u0142osza i Szczepana oraz siostrzenicy Katarzyny Rysz (wszyscy malarstwo). Otwarcie ekspozycji z licznym udzia\u0142em cz\u0142onk\u00f3w rodziny tw\u00f3rc\u00f3w oraz uczni\u00f3w i wychowawc\u00f3w Pa\u0144stwowego Liceum Plastycznego im. Tadeusza Brzozowskiego w Kro\u015bnie odby\u0142o si\u0119 7 lutego 2020 r. Wszyscy tw\u00f3rcy ekspozycji s\u0105 absolwentami lub obecnymi uczniami tej zas\u0142u\u017conej plac\u00f3wki edukacyjno-artystycznej, z kt\u00f3r\u0105 nasze muzeum doskonale wsp\u00f3\u0142pracuje ju\u017c od wielu lat. <\/span><\/p>\n<p style=\"text-align: justify;\"><span style=\"font-size: 14pt;\">Na pocz\u0105tku prowadz\u0105cy wernisa\u017c Mateusz Podkul podkre\u015bli\u0142, \u017ce \u201eotwieramy tego wieczoru wystaw\u0119 niezwyczajn\u0105, wystaw\u0119 mo\u017cna rzec \u2013 familijn\u0105. Jej powstanie zawdzi\u0119czamy obecnym tutaj autorom prac: Katarzynie Rysz oraz Grzegorzowi, Mi\u0142oszowi i Szczepanowi Tomkowiczom. Osobno tworz\u0105 oni pojedyncze ogniwa, ale po\u0142\u0105czywszy si\u0119 te ogniwa staj\u0105 si\u0119 zacz\u0105tkiem \u0142a\u0144cucha \u2013 \u0142a\u0144cucha: talentu, wielkich umiej\u0119tno\u015bci, pomys\u0142u, pi\u0119kna, dok\u0142adno\u015bci oraz ci\u0119\u017ckiej pracy. Ka\u017cda\u00a0 tych cech to jedno ogniwo.\u201d<\/span><\/p>\n<p style=\"text-align: justify;\"><span style=\"font-size: 14pt;\">Tego wieczoru przed zgromadzonymi mi\u0142o\u015bnikami sztuki zaprezentowa\u0142y si\u0119 \u2013 skoro spotkanie nabra\u0142o charakteru rodzinnego \u2013 dwie siostry Martyna i Amelia Sowi\u0144skie. Martyna Sowi\u0144ska to uczennica I Liceum Og\u00f3lnokszta\u0142c\u0105cego w Brzozowie, Ogniska Muzycznego w Brzozowskim Domu Kultury, Centrum Sztuki Wokalnej w Rzeszowie, finalistka Og\u00f3lnopolskiego Festiwalu Piosenki Aktorskiej, Filmowej i Musicalowej &#8222;Piosenka w Meloniku&#8221; w Rzeszowie oraz laureatka II nagrody Konkursu Piosenki Patriotycznej w Dydni. Z kolei Amelia Sowi\u0144ska ucz\u0119szcza do pierwszej klasy Szko\u0142y Podstawowej nr 1 w Brzozowie, na zaj\u0119cia Ogniska Muzycznego w Brzozowskim Domu Kultury. Zosta\u0142a wyr\u00f3\u017cniona w konkursie Miko\u0142ajkowych Debiut\u00f3w w 2018 r., a tak\u017ce zdoby\u0142a II miejsce w konkursie Miko\u0142ajkowych Debiut\u00f3w w 2019 r. Martyna wykona\u0142a utwory: \u201eSomeone you loved\u201d, \u201eLovely\u201d i \u201eM\u00f3j dom\u201d, a Amelia \u2013 \u201eBy\u0107 kobiet\u0105\u201d. <\/span><\/p>\n<p style=\"text-align: justify;\"><span style=\"font-size: 14pt;\">Najbardziej znanym autorem prac prezentowanych na brzozowskiej wystawie jest Grzegorz Tomkowicz, rocznik 1972 \u2013 absolwent Liceum Sztuk Plastycznych w Miejscu Piastowym. Uko\u0144czy\u0142 Wydzia\u0142 Rze\u017aby Akademii Sztuk Pi\u0119knych w Krakowie. Dyplom z wyr\u00f3\u017cnieniem otrzyma\u0142 w Pracowni Rze\u017aby prof. Stefana Borz\u0119ckiego. Uczy w Liceum Plastycznym w Kro\u015bnie. Bra\u0142 udzia\u0142 w kilkudziesi\u0119ciu wystawach w kraju i za granic\u0105. W 1991 r. by\u0142\u00a0 stypendyst\u0105 Krajowego Funduszu na Rzecz Dzieci w Warszawie. W 2000 r. uzyska\u0142 stypendium Fundacji Janineum w Wiedniu. W 2008 r. otrzyma\u0142 tytu\u0142 Honorowego Siekiernika na 10-lecie Stowarzyszenia Kulturalnego \u201eD\u0119bina\u201d w Kro\u015bcienku Wy\u017cnym. Posiada w\u0142asn\u0105 pracowni\u0119 artystyczn\u0105. Bierze czynny udzia\u0142 w \u017cyciu kulturalnym regionu. Tworzy rze\u017aby w drewnie, kamieniu, br\u0105zie, \u017cywicy, wykonuje medale i statuetki pami\u0105tkowe. Zrealizowa\u0142 kilkadziesi\u0105t rze\u017ab pomnikowych, nagrobnych, sakralnych, tablic pami\u0105tkowych z br\u0105zu i kamienia. Mieszka i tworzy w Jab\u0142onicy Polskiej. W brzozowskim Muzeum Regionalnym Grzegorz Tomkowicz mia\u0142 ju\u017c okazj\u0119 indywidualnie i zbiorowo kilkakrotnie pokazywa\u0107 swe dzie\u0142a. Na obecnej wystawie prezentujemy 14 rze\u017ab jego autorstwa wykonanych z piaskowca i marmuru w 2017 i 2019 r.<\/span><\/p>\n<p style=\"text-align: justify;\"><span style=\"font-size: 14pt;\">Jedyna przedstawicielka p\u0142ci pi\u0119knej w\u015br\u00f3d autor\u00f3w ekspozycji to Katarzyna Rysz, urodzona w 1995 r. \u2013 absolwentka Liceum Plastycznego im. Tadeusza Brzozowskiego w Kro\u015bnie. Obecnie studiuje na V roku Wydzia\u0142u Malarstwa Akademii Sztuk Pi\u0119knych im. Jana Matejki w Krakowie, w Pracowni Malarstwa prof. Adama Brinckena oraz w Pracowni Rysunku prof. Piotra Korzeniowskiego. Wa\u017cne obszary w jej poszukiwaniach to: \u015bwiat\u0142o, przestrze\u0144 i materia. Znacz\u0105ce miejsce zajmuje w jej tw\u00f3rczo\u015bci szkicownik, dzi\u0119ki kt\u00f3remu ci\u0105gle zapoznaje si\u0119 ze zjawiskami otaczaj\u0105cymi. Inspiruj\u0105 j\u0105: cisza, ha\u0142as, muzyka, rozmowa, ruch, martwa natura, przestrzenie, w kt\u00f3rych bywa, a tak\u017ce ludzie i relacje, zw\u0142aszcza cz\u0142owiek uwik\u0142any w karuzel\u0119 wsp\u00f3\u0142czesnego \u015bwiata. Tworzenie umo\u017cliwia jej wnikni\u0119cie w egzystencj\u0119 rzeczywisto\u015bci zastanej oraz dialog ze sam\u0105 sob\u0105. Ekspozycja \u201eOgniwa\u201d zawiera 10 prac olejnych powsta\u0142ych na p\u0142\u00f3tnie oraz cykl 6 prac pt. \u201eLatem\u201d \u2013 akwarel na papierze.<\/span><\/p>\n<p style=\"text-align: justify;\"><span style=\"font-size: 14pt;\">\u015aladami Grzegorza Tomkowicza pod\u0105\u017caj\u0105 jego synowie. Mi\u0142osz Tomkowicz (ur. w 2000 r.) uczy si\u0119 w IV klasie Pa\u0144stwowego Liceum Sztuk Plastycznych im. Tadeusza Brzozowskiego w Kro\u015bnie. Maluje, tworzy poezj\u0119, jest laureatem wielu og\u00f3lnopolskich konkurs\u00f3w plastycznych. Jego prace uczestniczy\u0142y w wystawach pokonkursowych i poplenerowych. Mi\u0142osz jest autorem 10 dzie\u0142 z naszej ekspozycji. Szczepan Tomkowicz (ur. w 2002 r.) tak\u017ce ucz\u0119szcza do Pa\u0144stwowego Liceum Sztuk Plastycznych im. Tadeusza Brzozowskiego w Kro\u015bnie oraz Spo\u0142ecznej Szko\u0142y Muzycznej w Kro\u015bnie. Interesuje si\u0119 sztuk\u0105, muzyk\u0105, histori\u0105, fotografi\u0105, modelarstwem. Spod r\u0119ki Szczepana wysz\u0142o 6 prac, kt\u00f3re stanowi\u0142y jego wk\u0142ad w ekspozycj\u0119. Obaj panowie mieszkaj\u0105 w Jab\u0142onicy Polskiej.<\/span><\/p>\n<p class=\"gwp1689fe5bmsonormal\" style=\"text-align: justify;\"><span style=\"font-size: 14pt; font-family: 'Century Gothic', 'sans-serif';\">\u00a0<\/span><\/p>\n<p class=\"gwp1689fe5bmsonormal\" style=\"text-align: right;\"><span style=\"font-size: 14pt; font-family: 'Century Gothic', 'sans-serif';\"><em>MWP <\/em><\/span><\/p>\n<div id='gallery-1' class='gallery galleryid-2762 gallery-columns-3 gallery-size-thumbnail'><figure class='gallery-item'>\n\t\t\t<div class='gallery-icon landscape'>\n\t\t\t\t<a href='http:\/\/muzeum.brzozow.pl\/wp-content\/uploads\/2020\/02\/DSC_0166.jpg'><img width=\"150\" height=\"150\" src=\"http:\/\/muzeum.brzozow.pl\/wp-content\/uploads\/2020\/02\/DSC_0166-150x150.jpg\" class=\"attachment-thumbnail size-thumbnail\" alt=\"\" loading=\"lazy\" srcset=\"http:\/\/muzeum.brzozow.pl\/wp-content\/uploads\/2020\/02\/DSC_0166-150x150.jpg 150w, http:\/\/muzeum.brzozow.pl\/wp-content\/uploads\/2020\/02\/DSC_0166-75x75.jpg 75w\" sizes=\"(max-width: 150px) 100vw, 150px\" \/><\/a>\n\t\t\t<\/div><\/figure><figure class='gallery-item'>\n\t\t\t<div class='gallery-icon landscape'>\n\t\t\t\t<a href='http:\/\/muzeum.brzozow.pl\/wp-content\/uploads\/2020\/02\/DSC_0167.jpg'><img width=\"150\" height=\"150\" src=\"http:\/\/muzeum.brzozow.pl\/wp-content\/uploads\/2020\/02\/DSC_0167-150x150.jpg\" class=\"attachment-thumbnail size-thumbnail\" alt=\"\" loading=\"lazy\" srcset=\"http:\/\/muzeum.brzozow.pl\/wp-content\/uploads\/2020\/02\/DSC_0167-150x150.jpg 150w, http:\/\/muzeum.brzozow.pl\/wp-content\/uploads\/2020\/02\/DSC_0167-75x75.jpg 75w\" sizes=\"(max-width: 150px) 100vw, 150px\" \/><\/a>\n\t\t\t<\/div><\/figure><figure class='gallery-item'>\n\t\t\t<div class='gallery-icon landscape'>\n\t\t\t\t<a href='http:\/\/muzeum.brzozow.pl\/wp-content\/uploads\/2020\/02\/DSC_0178.jpg'><img width=\"150\" height=\"150\" src=\"http:\/\/muzeum.brzozow.pl\/wp-content\/uploads\/2020\/02\/DSC_0178-150x150.jpg\" class=\"attachment-thumbnail size-thumbnail\" alt=\"\" loading=\"lazy\" srcset=\"http:\/\/muzeum.brzozow.pl\/wp-content\/uploads\/2020\/02\/DSC_0178-150x150.jpg 150w, http:\/\/muzeum.brzozow.pl\/wp-content\/uploads\/2020\/02\/DSC_0178-75x75.jpg 75w\" sizes=\"(max-width: 150px) 100vw, 150px\" \/><\/a>\n\t\t\t<\/div><\/figure><figure class='gallery-item'>\n\t\t\t<div class='gallery-icon landscape'>\n\t\t\t\t<a href='http:\/\/muzeum.brzozow.pl\/wp-content\/uploads\/2020\/02\/DSC_0192.jpg'><img width=\"150\" height=\"150\" src=\"http:\/\/muzeum.brzozow.pl\/wp-content\/uploads\/2020\/02\/DSC_0192-150x150.jpg\" class=\"attachment-thumbnail size-thumbnail\" alt=\"\" loading=\"lazy\" srcset=\"http:\/\/muzeum.brzozow.pl\/wp-content\/uploads\/2020\/02\/DSC_0192-150x150.jpg 150w, http:\/\/muzeum.brzozow.pl\/wp-content\/uploads\/2020\/02\/DSC_0192-75x75.jpg 75w\" sizes=\"(max-width: 150px) 100vw, 150px\" \/><\/a>\n\t\t\t<\/div><\/figure><figure class='gallery-item'>\n\t\t\t<div class='gallery-icon landscape'>\n\t\t\t\t<a href='http:\/\/muzeum.brzozow.pl\/wp-content\/uploads\/2020\/02\/DSC_0203.jpg'><img width=\"150\" height=\"150\" src=\"http:\/\/muzeum.brzozow.pl\/wp-content\/uploads\/2020\/02\/DSC_0203-150x150.jpg\" class=\"attachment-thumbnail size-thumbnail\" alt=\"\" loading=\"lazy\" srcset=\"http:\/\/muzeum.brzozow.pl\/wp-content\/uploads\/2020\/02\/DSC_0203-150x150.jpg 150w, http:\/\/muzeum.brzozow.pl\/wp-content\/uploads\/2020\/02\/DSC_0203-75x75.jpg 75w\" sizes=\"(max-width: 150px) 100vw, 150px\" \/><\/a>\n\t\t\t<\/div><\/figure><figure class='gallery-item'>\n\t\t\t<div class='gallery-icon landscape'>\n\t\t\t\t<a href='http:\/\/muzeum.brzozow.pl\/wp-content\/uploads\/2020\/02\/DSC_0230.jpg'><img width=\"150\" height=\"150\" src=\"http:\/\/muzeum.brzozow.pl\/wp-content\/uploads\/2020\/02\/DSC_0230-150x150.jpg\" class=\"attachment-thumbnail size-thumbnail\" alt=\"\" loading=\"lazy\" srcset=\"http:\/\/muzeum.brzozow.pl\/wp-content\/uploads\/2020\/02\/DSC_0230-150x150.jpg 150w, http:\/\/muzeum.brzozow.pl\/wp-content\/uploads\/2020\/02\/DSC_0230-75x75.jpg 75w\" sizes=\"(max-width: 150px) 100vw, 150px\" \/><\/a>\n\t\t\t<\/div><\/figure><figure class='gallery-item'>\n\t\t\t<div class='gallery-icon landscape'>\n\t\t\t\t<a href='http:\/\/muzeum.brzozow.pl\/wp-content\/uploads\/2020\/02\/DSC_0246.jpg'><img width=\"150\" height=\"150\" src=\"http:\/\/muzeum.brzozow.pl\/wp-content\/uploads\/2020\/02\/DSC_0246-150x150.jpg\" class=\"attachment-thumbnail size-thumbnail\" alt=\"\" loading=\"lazy\" srcset=\"http:\/\/muzeum.brzozow.pl\/wp-content\/uploads\/2020\/02\/DSC_0246-150x150.jpg 150w, http:\/\/muzeum.brzozow.pl\/wp-content\/uploads\/2020\/02\/DSC_0246-75x75.jpg 75w\" sizes=\"(max-width: 150px) 100vw, 150px\" \/><\/a>\n\t\t\t<\/div><\/figure><figure class='gallery-item'>\n\t\t\t<div class='gallery-icon landscape'>\n\t\t\t\t<a href='http:\/\/muzeum.brzozow.pl\/wp-content\/uploads\/2020\/02\/DSC_0267.jpg'><img width=\"150\" height=\"150\" src=\"http:\/\/muzeum.brzozow.pl\/wp-content\/uploads\/2020\/02\/DSC_0267-150x150.jpg\" class=\"attachment-thumbnail size-thumbnail\" alt=\"\" loading=\"lazy\" srcset=\"http:\/\/muzeum.brzozow.pl\/wp-content\/uploads\/2020\/02\/DSC_0267-150x150.jpg 150w, http:\/\/muzeum.brzozow.pl\/wp-content\/uploads\/2020\/02\/DSC_0267-75x75.jpg 75w\" sizes=\"(max-width: 150px) 100vw, 150px\" \/><\/a>\n\t\t\t<\/div><\/figure><figure class='gallery-item'>\n\t\t\t<div class='gallery-icon landscape'>\n\t\t\t\t<a href='http:\/\/muzeum.brzozow.pl\/wp-content\/uploads\/2020\/02\/DSC_0275.jpg'><img width=\"150\" height=\"150\" src=\"http:\/\/muzeum.brzozow.pl\/wp-content\/uploads\/2020\/02\/DSC_0275-150x150.jpg\" class=\"attachment-thumbnail size-thumbnail\" alt=\"\" loading=\"lazy\" srcset=\"http:\/\/muzeum.brzozow.pl\/wp-content\/uploads\/2020\/02\/DSC_0275-150x150.jpg 150w, http:\/\/muzeum.brzozow.pl\/wp-content\/uploads\/2020\/02\/DSC_0275-75x75.jpg 75w\" sizes=\"(max-width: 150px) 100vw, 150px\" \/><\/a>\n\t\t\t<\/div><\/figure>\n\t\t<\/div>\n\n<p class=\"gwp1689fe5bmsonormal\" style=\"text-align: justify;\"><span style=\"font-size: 14pt; font-family: 'Century Gothic', 'sans-serif';\"><em>fot. Pawe\u0142 G\u0105dek<\/em><br \/>\n<\/span><\/p>\n","protected":false},"excerpt":{"rendered":"<p>\u201eOgniwa\u201d \u2013 taki tytu\u0142 nosi<\/p>\n","protected":false},"author":1,"featured_media":2770,"comment_status":"closed","ping_status":"closed","sticky":false,"template":"","format":"standard","meta":{"ngg_post_thumbnail":0},"categories":[14,2,10,26,16],"tags":[],"_links":{"self":[{"href":"http:\/\/muzeum.brzozow.pl\/index.php?rest_route=\/wp\/v2\/posts\/2762"}],"collection":[{"href":"http:\/\/muzeum.brzozow.pl\/index.php?rest_route=\/wp\/v2\/posts"}],"about":[{"href":"http:\/\/muzeum.brzozow.pl\/index.php?rest_route=\/wp\/v2\/types\/post"}],"author":[{"embeddable":true,"href":"http:\/\/muzeum.brzozow.pl\/index.php?rest_route=\/wp\/v2\/users\/1"}],"replies":[{"embeddable":true,"href":"http:\/\/muzeum.brzozow.pl\/index.php?rest_route=%2Fwp%2Fv2%2Fcomments&post=2762"}],"version-history":[{"count":1,"href":"http:\/\/muzeum.brzozow.pl\/index.php?rest_route=\/wp\/v2\/posts\/2762\/revisions"}],"predecessor-version":[{"id":4851,"href":"http:\/\/muzeum.brzozow.pl\/index.php?rest_route=\/wp\/v2\/posts\/2762\/revisions\/4851"}],"wp:featuredmedia":[{"embeddable":true,"href":"http:\/\/muzeum.brzozow.pl\/index.php?rest_route=\/wp\/v2\/media\/2770"}],"wp:attachment":[{"href":"http:\/\/muzeum.brzozow.pl\/index.php?rest_route=%2Fwp%2Fv2%2Fmedia&parent=2762"}],"wp:term":[{"taxonomy":"category","embeddable":true,"href":"http:\/\/muzeum.brzozow.pl\/index.php?rest_route=%2Fwp%2Fv2%2Fcategories&post=2762"},{"taxonomy":"post_tag","embeddable":true,"href":"http:\/\/muzeum.brzozow.pl\/index.php?rest_route=%2Fwp%2Fv2%2Ftags&post=2762"}],"curies":[{"name":"wp","href":"https:\/\/api.w.org\/{rel}","templated":true}]}}