{"id":2627,"date":"2020-01-16T13:27:08","date_gmt":"2020-01-16T12:27:08","guid":{"rendered":"http:\/\/www.muzeum.brzozow.pl\/?p=2627"},"modified":"2021-03-08T12:31:57","modified_gmt":"2021-03-08T11:31:57","slug":"wspomnienie-augustyna-barana","status":"publish","type":"post","link":"http:\/\/muzeum.brzozow.pl\/?p=2627","title":{"rendered":"Wspomnienie Augustyna Barana"},"content":{"rendered":"<p style=\"text-align: justify;\"><span style=\"font-size: 14pt;\">W pi\u0105tkowy wiecz\u00f3r, 10 stycznia, w brzozowskim muzeum mia\u0142o miejsce spotkanie wspomnieniowe po\u015bwi\u0119cone Augustynowi Baranowi, znanemu pisarzowi z Izdebek, zmar\u0142emu w 2010 r. W przesz\u0142o\u015bci wsp\u00f3\u0142pracowa\u0142 on m.in. z \u201eWiadomo-\u015bciami Brzozowskimi\u201d, a jego utwory otrzyma\u0142y liczne nagrody i wyr\u00f3\u017cnienia na dziesi\u0105tkach konkurs\u00f3w literackich w ca\u0142ej Polsce. Pretekstem do zorganizowania imprezy by\u0142a publikacja zatytu\u0142owana \u201eRzecz o Augustynie Baranie &#8211; tw\u00f3rczo\u015b\u0107 i \u017cycie: wspomnienia, dokumenty,<span class=\"textexposedshow\"> teksty\u201d. Jej redaktorem jest Sebastian Dubiel-Dmytryszyn. On te\u017c podczas brzozowskiego wieczoru om\u00f3wi\u0142 to wydawnictwo cofaj\u0105c si\u0119 we wspomnieniach do kontakt\u00f3w z \u201eGustkiem\u201d, jak popularnie nazywano prozaika z Izdebek. Tytu\u0142 \u201eGustek\u201d nosi reporta\u017c Magdy Skawi\u0144skiej, kt\u00f3ry zaprezentowali\u015bmy zgromadzonym mi\u0142o\u015bnikom dobrej literatury. Ci, kt\u00f3rzy nie mieli okazji pozna\u0107 Augustyna Barana, mogli us\u0142ysze\u0107 jego g\u0142os. Z kolei Mateusz Podkul odczyta\u0142 fragmenty niepublikowanych tekst\u00f3w \u201eGustka\u201d, a by\u0142a dyrektor brzozowskiego muzeum i redaktorka \u201eWiadomo\u015bci Brzozowskich\u201d Halina Ko\u015bci\u0144ska opowiedzia\u0142a o swojej styczno\u015bci i bliskiej przyja\u017ani z t\u0105 nietuzinkow\u0105 postaci\u0105. W trakcie spotkania zaprezentowano zdj\u0119cia pokazuj\u0105ce Augustyna Barana, a tak\u017ce mo\u017cna by\u0142o naby\u0107 ksi\u0105\u017cki oficyny wydawniczej RuthenicArt, kt\u00f3rej w\u0142a\u015bcicielem jest Sebastian Dubiel-Dmytryszyn. Organizatorem spotkania by\u0142o jego stowarzyszenie \u201ePod Karpatami\u201d oraz Muzeum Regionalne.<a name=\"_GoBack\"><\/a><\/span><\/span><\/p>\n<p class=\"gwp8d06a664msonormal\" style=\"text-align: justify;\"><span style=\"font-size: 14pt;\">\u00a0<\/span><\/p>\n<p class=\"gwp8d06a664msonormal\" style=\"text-align: right;\"><span style=\"font-size: 14pt;\"><em>Mateusz Podkul<\/em> <\/span><\/p>\n<div id='gallery-1' class='gallery galleryid-2627 gallery-columns-3 gallery-size-thumbnail'><figure class='gallery-item'>\n\t\t\t<div class='gallery-icon landscape'>\n\t\t\t\t<a href='http:\/\/muzeum.brzozow.pl\/wp-content\/uploads\/2020\/01\/DSC_0935.jpg'><img width=\"150\" height=\"150\" src=\"http:\/\/muzeum.brzozow.pl\/wp-content\/uploads\/2020\/01\/DSC_0935-150x150.jpg\" class=\"attachment-thumbnail size-thumbnail\" alt=\"\" loading=\"lazy\" srcset=\"http:\/\/muzeum.brzozow.pl\/wp-content\/uploads\/2020\/01\/DSC_0935-150x150.jpg 150w, http:\/\/muzeum.brzozow.pl\/wp-content\/uploads\/2020\/01\/DSC_0935-75x75.jpg 75w\" sizes=\"(max-width: 150px) 100vw, 150px\" \/><\/a>\n\t\t\t<\/div><\/figure><figure class='gallery-item'>\n\t\t\t<div class='gallery-icon landscape'>\n\t\t\t\t<a href='http:\/\/muzeum.brzozow.pl\/wp-content\/uploads\/2020\/01\/DSC_0941.jpg'><img width=\"150\" height=\"150\" src=\"http:\/\/muzeum.brzozow.pl\/wp-content\/uploads\/2020\/01\/DSC_0941-150x150.jpg\" class=\"attachment-thumbnail size-thumbnail\" alt=\"\" loading=\"lazy\" srcset=\"http:\/\/muzeum.brzozow.pl\/wp-content\/uploads\/2020\/01\/DSC_0941-150x150.jpg 150w, http:\/\/muzeum.brzozow.pl\/wp-content\/uploads\/2020\/01\/DSC_0941-75x75.jpg 75w\" sizes=\"(max-width: 150px) 100vw, 150px\" \/><\/a>\n\t\t\t<\/div><\/figure><figure class='gallery-item'>\n\t\t\t<div class='gallery-icon landscape'>\n\t\t\t\t<a href='http:\/\/muzeum.brzozow.pl\/wp-content\/uploads\/2020\/01\/DSC_0949.jpg'><img width=\"150\" height=\"150\" src=\"http:\/\/muzeum.brzozow.pl\/wp-content\/uploads\/2020\/01\/DSC_0949-150x150.jpg\" class=\"attachment-thumbnail size-thumbnail\" alt=\"\" loading=\"lazy\" srcset=\"http:\/\/muzeum.brzozow.pl\/wp-content\/uploads\/2020\/01\/DSC_0949-150x150.jpg 150w, http:\/\/muzeum.brzozow.pl\/wp-content\/uploads\/2020\/01\/DSC_0949-75x75.jpg 75w\" sizes=\"(max-width: 150px) 100vw, 150px\" \/><\/a>\n\t\t\t<\/div><\/figure><figure class='gallery-item'>\n\t\t\t<div class='gallery-icon landscape'>\n\t\t\t\t<a href='http:\/\/muzeum.brzozow.pl\/wp-content\/uploads\/2020\/01\/DSC_0957.jpg'><img width=\"150\" height=\"150\" src=\"http:\/\/muzeum.brzozow.pl\/wp-content\/uploads\/2020\/01\/DSC_0957-150x150.jpg\" class=\"attachment-thumbnail size-thumbnail\" alt=\"\" loading=\"lazy\" srcset=\"http:\/\/muzeum.brzozow.pl\/wp-content\/uploads\/2020\/01\/DSC_0957-150x150.jpg 150w, http:\/\/muzeum.brzozow.pl\/wp-content\/uploads\/2020\/01\/DSC_0957-75x75.jpg 75w\" sizes=\"(max-width: 150px) 100vw, 150px\" \/><\/a>\n\t\t\t<\/div><\/figure><figure class='gallery-item'>\n\t\t\t<div class='gallery-icon landscape'>\n\t\t\t\t<a href='http:\/\/muzeum.brzozow.pl\/wp-content\/uploads\/2020\/01\/DSC_0964.jpg'><img width=\"150\" height=\"150\" src=\"http:\/\/muzeum.brzozow.pl\/wp-content\/uploads\/2020\/01\/DSC_0964-150x150.jpg\" class=\"attachment-thumbnail size-thumbnail\" alt=\"\" loading=\"lazy\" srcset=\"http:\/\/muzeum.brzozow.pl\/wp-content\/uploads\/2020\/01\/DSC_0964-150x150.jpg 150w, http:\/\/muzeum.brzozow.pl\/wp-content\/uploads\/2020\/01\/DSC_0964-75x75.jpg 75w\" sizes=\"(max-width: 150px) 100vw, 150px\" \/><\/a>\n\t\t\t<\/div><\/figure>\n\t\t<\/div>\n\n<p class=\"gwp8d06a664msonormal\"><span style=\"font-size: 14pt;\"><em>fot. Pawe\u0142 G\u0105dek<\/em><\/span><\/p>\n<p class=\"gwp8d06a664msonormal\">\n","protected":false},"excerpt":{"rendered":"<p>W pi\u0105tkowy wiecz\u00f3r, 10 stycznia,<\/p>\n","protected":false},"author":1,"featured_media":2628,"comment_status":"closed","ping_status":"closed","sticky":false,"template":"","format":"standard","meta":{"ngg_post_thumbnail":0},"categories":[14,2,10,17,24],"tags":[],"_links":{"self":[{"href":"http:\/\/muzeum.brzozow.pl\/index.php?rest_route=\/wp\/v2\/posts\/2627"}],"collection":[{"href":"http:\/\/muzeum.brzozow.pl\/index.php?rest_route=\/wp\/v2\/posts"}],"about":[{"href":"http:\/\/muzeum.brzozow.pl\/index.php?rest_route=\/wp\/v2\/types\/post"}],"author":[{"embeddable":true,"href":"http:\/\/muzeum.brzozow.pl\/index.php?rest_route=\/wp\/v2\/users\/1"}],"replies":[{"embeddable":true,"href":"http:\/\/muzeum.brzozow.pl\/index.php?rest_route=%2Fwp%2Fv2%2Fcomments&post=2627"}],"version-history":[{"count":1,"href":"http:\/\/muzeum.brzozow.pl\/index.php?rest_route=\/wp\/v2\/posts\/2627\/revisions"}],"predecessor-version":[{"id":4849,"href":"http:\/\/muzeum.brzozow.pl\/index.php?rest_route=\/wp\/v2\/posts\/2627\/revisions\/4849"}],"wp:featuredmedia":[{"embeddable":true,"href":"http:\/\/muzeum.brzozow.pl\/index.php?rest_route=\/wp\/v2\/media\/2628"}],"wp:attachment":[{"href":"http:\/\/muzeum.brzozow.pl\/index.php?rest_route=%2Fwp%2Fv2%2Fmedia&parent=2627"}],"wp:term":[{"taxonomy":"category","embeddable":true,"href":"http:\/\/muzeum.brzozow.pl\/index.php?rest_route=%2Fwp%2Fv2%2Fcategories&post=2627"},{"taxonomy":"post_tag","embeddable":true,"href":"http:\/\/muzeum.brzozow.pl\/index.php?rest_route=%2Fwp%2Fv2%2Ftags&post=2627"}],"curies":[{"name":"wp","href":"https:\/\/api.w.org\/{rel}","templated":true}]}}