{"id":2575,"date":"2019-12-11T10:40:12","date_gmt":"2019-12-11T09:40:12","guid":{"rendered":"http:\/\/www.muzeum.brzozow.pl\/?p=2575"},"modified":"2021-03-08T12:30:51","modified_gmt":"2021-03-08T11:30:51","slug":"w-ten-swiateczny-czas","status":"publish","type":"post","link":"http:\/\/muzeum.brzozow.pl\/?p=2575","title":{"rendered":"\u201eW ten \u015bwi\u0105teczny czas\u2026\u201d"},"content":{"rendered":"<p style=\"text-align: justify;\"><span style=\"font-size: 14pt;\">We wtorek, 10 grudnia, w\u00a0brzozo- wskim muzeum odby\u0142 si\u0119 wernisa\u017c wystawy czasowej pt. \u201eW ten \u015bwi\u0105teczny czas\u2026\u201d, kt\u00f3rej\u00a0auto rami s\u0105 uczestnicy trzech o\u015brodk\u00f3w: Warsztatu Terapii Zaj\u0119ciowej (WTZ) w\u00a0Starej Wsi,<span id=\"more-26839\"><\/span> \u015arodowiskowego Domu Samopomocy (\u015aDS) im.\u00a0Jana Paw\u0142a II w\u00a0Brzozowie oraz\u00a0\u015arodowiskowego Domu Samopomocy im.\u00a0Marii i\u00a0Lecha Kaczy\u0144skich w\u00a0Krzywem.<\/span><\/p>\n<p style=\"text-align: justify;\"><span style=\"font-size: 14pt;\">Poprzez organizacj\u0119 tej\u00a0wystawy w\u0142\u0105czyli\u015bmy si\u0119 w\u00a0Gminne Obchody Mi\u0119dzynarodowego Dnia Os\u00f3b z\u00a0Niepe\u0142nosprawno\u015bci\u0105.<\/span><\/p>\n<p style=\"text-align: justify;\"><span style=\"font-size: 14pt;\">Podczas otwarcia wystawy obecni byli przede wszystkich autorzy wystawy na\u00a0czele z\u00a0kierownikiem WTZ w\u00a0Starej Wsi Katarzyn\u0105 Luteck\u0105 oraz\u00a0kierownikiem \u015aDS w\u00a0Brzozowie Barbar\u0105 Stolarz.<\/span><\/p>\n<p style=\"text-align: justify;\"><span style=\"font-size: 14pt;\">Ponadto prowadz\u0105ca spotkanie dyrektor Muzeum Regionalnego Agnieszka Adamska przywita\u0142a m.in.: pos\u0142a na\u00a0Sejm RP Adama \u015anie\u017cka, przedstawiciela biura europos\u0142a Bogdana Rzo\u0144cy \u2013 Jerzego F. Adamskiego, przewodnicz\u0105cego Rady Powiatu Henryka Kozika, naczelnik Wydzia\u0142u Spraw Spo\u0142ecznych Urz\u0119du Miejskiego w\u00a0Brzozowie Alicj\u0119 Tomo\u0144, dyrektor Miejskiej Biblioteki Spo\u0142ecznej Krystyn\u0119 Rymarz, zast\u0119pc\u0119 kierownika USC w\u00a0Brzozowie Urszul\u0119 D\u0105browsk\u0105-Huber, dyrektor I\u00a0Oddzia\u0142u Banku PKO BP\u00a0Agnieszk\u0119 Juszczak, by\u0142\u0105 dyrektor naszego muzeum Halin\u0119 Ko\u015bci\u0144sk\u0105 oraz\u00a0by\u0142ego przewodnicz\u0105cego Rady Muzeum Stanis\u0142awa Pilszaka.<\/span><\/p>\n<p style=\"text-align: justify;\"><span style=\"font-size: 14pt;\">Go\u015bciem, a\u00a0jednocze\u015bnie bohaterem zbiorowym wernisa\u017cu by\u0142a tak\u017ce kierowana przez Zofi\u0119 Olejko Kapela Ludowa \u201eGraboszczanie\u201d w\u00a0sk\u0142adzie: Monika Czas, Franciszek Czubski, Agata Korfanty, Zbigniew Kowalski, Tadeusz Pytlak, Kazimierz Sokalski, a\u00a0tak\u017ce J\u00f3zef Zubel. Grabowniccy muzycy wykonali najbardziej znane kol\u0119dy, a\u00a0tak\u017ce przypomnieli te nieco zapomniane.<\/span><\/p>\n<p style=\"text-align: justify;\"><span style=\"font-size: 14pt;\">Na\u00a0aktualnej wystawie mo\u017cna obejrze\u0107 prace wykonane przez uczestnik\u00f3w trzech o\u015brodk\u00f3w (WTZ, \u015aDS), kt\u00f3re na\u00a0co dzie\u0144 wspieraj\u0105 osoby z\u00a0niepe\u0142nosprawno\u015bci\u0105, z\u00a0pewnymi dysfunkcjami, zapewniaj\u0105c im wszelk\u0105 mo\u017cliw\u0105 pomoc. To\u00a0w\u0142a\u015bnie tam, dzi\u0119ki ogromnemu zaanga\u017cowaniu kierownictwa, pracownik\u00f3w, instruktor\u00f3w r\u00f3\u017cnych pracowni ujawniaj\u0105 si\u0119 niekiedy prawdziwe talenty\u2026 Owocem tych\u017ce talent\u00f3w s\u0105 prace \u2013 \u0142\u0105cz\u0105ce tradycyjne akcenty oraz\u00a0nowoczesne pomys\u0142y \u2013 kt\u00f3re stanowi\u0105 bogaty zbi\u00f3r bo\u017conarodzeniowych ozd\u00f3b. Mo\u017cemy wi\u0119c podziwia\u0107: bombki wykonane technik\u0105 decupage, choinki z\u00a0pi\u00f3r, szyde\u0142kowane anio\u0142y, kartki \u015bwi\u0105teczne, zdobione butelki oraz\u00a0stroiki, kt\u00f3re wprowadzaj\u0105 ogl\u0105daj\u0105cych te ma\u0142e dzie\u0142a sztuki w\u00a0magiczny czas \u015awi\u0105t Bo\u017cego Narodzenia. W\u015br\u00f3d wystawionych prac znajduj\u0105 si\u0119 tak\u017ce doniczki, puszki, \u015bwieczniki wykonane technik\u0105 decupage, szyde\u0142kowane pude\u0142ka oraz\u00a0obrazy, kt\u00f3re z\u00a0pewno\u015bci\u0105 mog\u0105 by\u0107 doskona\u0142ym pomys\u0142em na\u00a0prezent pod\u00a0choink\u0119 dla kogo\u015b bliskiego.<\/span><\/p>\n<p style=\"text-align: justify;\"><span style=\"font-size: 14pt;\">Wszystkim uczestnikom gratulujemy pomys\u0142owo\u015bci i\u00a0inwencji tw\u00f3rczej, kt\u00f3ra\u00a0rozwija si\u0119 pod\u00a0okiem wspania\u0142ych instruktor\u00f3w. Autorom wystawy wyrazy wdzi\u0119czno\u015bci przekaza\u0142a naczelnik Wydzia\u0142u Spraw Spo\u0142ecznych Urz\u0119du Miejskiego w\u00a0Brzozowie Alicja Tomo\u0144.<\/span><\/p>\n<p style=\"text-align: right;\"><span style=\"font-size: 14pt;\"><em>ag <\/em><\/span><\/p>\n\n<p style=\"text-align: justify;\"><span style=\"font-size: 14pt;\"><em>fot. Marek Mara\u0144ski<\/em><\/span><\/p>\n","protected":false},"excerpt":{"rendered":"<p>We wtorek, 10 grudnia, w\u00a0brzozo-<\/p>\n","protected":false},"author":1,"featured_media":2585,"comment_status":"closed","ping_status":"closed","sticky":false,"template":"","format":"standard","meta":{"ngg_post_thumbnail":0},"categories":[13,2,10,1,26,29,16],"tags":[],"_links":{"self":[{"href":"http:\/\/muzeum.brzozow.pl\/index.php?rest_route=\/wp\/v2\/posts\/2575"}],"collection":[{"href":"http:\/\/muzeum.brzozow.pl\/index.php?rest_route=\/wp\/v2\/posts"}],"about":[{"href":"http:\/\/muzeum.brzozow.pl\/index.php?rest_route=\/wp\/v2\/types\/post"}],"author":[{"embeddable":true,"href":"http:\/\/muzeum.brzozow.pl\/index.php?rest_route=\/wp\/v2\/users\/1"}],"replies":[{"embeddable":true,"href":"http:\/\/muzeum.brzozow.pl\/index.php?rest_route=%2Fwp%2Fv2%2Fcomments&post=2575"}],"version-history":[{"count":1,"href":"http:\/\/muzeum.brzozow.pl\/index.php?rest_route=\/wp\/v2\/posts\/2575\/revisions"}],"predecessor-version":[{"id":4845,"href":"http:\/\/muzeum.brzozow.pl\/index.php?rest_route=\/wp\/v2\/posts\/2575\/revisions\/4845"}],"wp:featuredmedia":[{"embeddable":true,"href":"http:\/\/muzeum.brzozow.pl\/index.php?rest_route=\/wp\/v2\/media\/2585"}],"wp:attachment":[{"href":"http:\/\/muzeum.brzozow.pl\/index.php?rest_route=%2Fwp%2Fv2%2Fmedia&parent=2575"}],"wp:term":[{"taxonomy":"category","embeddable":true,"href":"http:\/\/muzeum.brzozow.pl\/index.php?rest_route=%2Fwp%2Fv2%2Fcategories&post=2575"},{"taxonomy":"post_tag","embeddable":true,"href":"http:\/\/muzeum.brzozow.pl\/index.php?rest_route=%2Fwp%2Fv2%2Ftags&post=2575"}],"curies":[{"name":"wp","href":"https:\/\/api.w.org\/{rel}","templated":true}]}}