{"id":2238,"date":"2019-06-25T12:08:57","date_gmt":"2019-06-25T10:08:57","guid":{"rendered":"http:\/\/www.muzeum.brzozow.pl\/?p=2238"},"modified":"2021-03-08T12:22:43","modified_gmt":"2021-03-08T11:22:43","slug":"bajkowy-czerwiec-w-brzozowskim-muzeum","status":"publish","type":"post","link":"http:\/\/muzeum.brzozow.pl\/?p=2238","title":{"rendered":"Bajkowy czerwiec w brzozowskim muzeum"},"content":{"rendered":"<p style=\"text-align: justify;\"><span style=\"font-size: 14pt;\"><strong><em>Za siedmioma g\u00f3rami\u2026 \u2013 ba\u015bnie braci Grimm <\/em><\/strong><strong>\u00a0<\/strong><\/span><\/p>\n<p style=\"text-align: justify;\"><span style=\"font-size: 14pt;\">Z my\u015bl\u0105 o najm\u0142odszych nasze muzeum przygotowa\u0142o wystaw\u0119 wypo\u017cyczon\u0105 z Muzeum Lalek w Pil\u017anie, kt\u00f3ra prezentowa\u0142a kukie\u0142ki przygotowane w Pracowni Arty- stycznej \u201eKasia\u201d. W przeniesieniu si\u0119 w bajkowy \u015bwiat pomog\u0142a dzieciom wyj\u0105tkowa przestrze\u0144 wystawy <em>Za siedmioma g\u00f3rami\u2026<\/em><\/span><\/p>\n<p style=\"text-align: justify;\"><span style=\"font-size: 14pt;\">Ju\u017c od progu wita\u0142 dzieci <em>\u017babi kr\u00f3l, <\/em>tu\u017c obok <em>Roszpunka, <\/em>czyli imi\u0119 g\u0142\u00f3wnej bohaterki jednej z niemieckich ba\u015bni ludowych. Opr\u00f3cz nich dzieci, i nie tylko, kt\u00f3re odwiedza\u0142y brzozowskie muzeum w czasie czerwcowej wystawy, na wystawie mog\u0142y obejrze\u0107 i wys\u0142ucha\u0107 ba\u015bni o: <em>Wilku i siedmiu ko\u017al\u0105tkach<\/em>, <em>Kr\u00f3lewnie \u015anie\u017cce<\/em>, <em>Czerwonym Kapturku<\/em>, <em>Z\u0142otej G\u0119si. <\/em>\u00a0\u00a0\u00a0\u00a0<em>\u00a0\u00a0<\/em><\/span><\/p>\n<p style=\"text-align: justify;\"><span style=\"font-size: 14pt;\">Wybrane bajki autor\u00f3w zaaran\u017cowane by\u0142y w scenerii rodzinnego miasta braci Grimm \u2013 Hanau. Na wystawie mo\u017cna by\u0142o r\u00f3wnie\u017c obejrze\u0107 oryginalne marionetki niemieckie, teatrzyk pacynkowy z lat czterdziestych XX w. oraz niemiecki teatrzyk <em>Kasper <\/em>z ok. 1930 r. ze scenariuszami z tego okresu.<\/span><\/p>\n<p style=\"text-align: justify;\"><span style=\"font-size: 14pt;\">Po obejrzeniu wystawy dzieci mia\u0142y mo\u017cliwo\u015b\u0107 wcielenia si\u0119 w postacie bajkowe, w zaaran\u017cowanym do tego specjalnie teatrzyku kukie\u0142kowym.<\/span><\/p>\n<p style=\"text-align: justify;\"><span style=\"font-size: 14pt;\">\u015awiat jak z bajki, tak mo\u017cna powiedzie\u0107 o trwaj\u0105cej od 1 do 30 czerwca br. wystawie lalek, kt\u00f3ra cieszy\u0142a si\u0119 sporym zainteresowaniem.<\/span><\/p>\n<p style=\"text-align: right;\"><span style=\"font-size: 14pt;\"><em>Agnieszka Adamska<\/em><\/span><\/p>\n\n<p><span style=\"font-size: 14pt;\"><em>fot. MK, Marek Mara\u0144ski<\/em><\/span><\/p>\n","protected":false},"excerpt":{"rendered":"<p>Za siedmioma g\u00f3rami\u2026 \u2013 ba\u015bnie<\/p>\n","protected":false},"author":1,"featured_media":2247,"comment_status":"closed","ping_status":"closed","sticky":false,"template":"","format":"standard","meta":{"ngg_post_thumbnail":0},"categories":[13,2,10,29,31,16],"tags":[],"_links":{"self":[{"href":"http:\/\/muzeum.brzozow.pl\/index.php?rest_route=\/wp\/v2\/posts\/2238"}],"collection":[{"href":"http:\/\/muzeum.brzozow.pl\/index.php?rest_route=\/wp\/v2\/posts"}],"about":[{"href":"http:\/\/muzeum.brzozow.pl\/index.php?rest_route=\/wp\/v2\/types\/post"}],"author":[{"embeddable":true,"href":"http:\/\/muzeum.brzozow.pl\/index.php?rest_route=\/wp\/v2\/users\/1"}],"replies":[{"embeddable":true,"href":"http:\/\/muzeum.brzozow.pl\/index.php?rest_route=%2Fwp%2Fv2%2Fcomments&post=2238"}],"version-history":[{"count":1,"href":"http:\/\/muzeum.brzozow.pl\/index.php?rest_route=\/wp\/v2\/posts\/2238\/revisions"}],"predecessor-version":[{"id":4824,"href":"http:\/\/muzeum.brzozow.pl\/index.php?rest_route=\/wp\/v2\/posts\/2238\/revisions\/4824"}],"wp:featuredmedia":[{"embeddable":true,"href":"http:\/\/muzeum.brzozow.pl\/index.php?rest_route=\/wp\/v2\/media\/2247"}],"wp:attachment":[{"href":"http:\/\/muzeum.brzozow.pl\/index.php?rest_route=%2Fwp%2Fv2%2Fmedia&parent=2238"}],"wp:term":[{"taxonomy":"category","embeddable":true,"href":"http:\/\/muzeum.brzozow.pl\/index.php?rest_route=%2Fwp%2Fv2%2Fcategories&post=2238"},{"taxonomy":"post_tag","embeddable":true,"href":"http:\/\/muzeum.brzozow.pl\/index.php?rest_route=%2Fwp%2Fv2%2Ftags&post=2238"}],"curies":[{"name":"wp","href":"https:\/\/api.w.org\/{rel}","templated":true}]}}