{"id":1959,"date":"2019-02-07T13:55:10","date_gmt":"2019-02-07T12:55:10","guid":{"rendered":"http:\/\/www.muzeum.brzozow.pl\/?page_id=1959"},"modified":"2022-11-14T13:49:15","modified_gmt":"2022-11-14T12:49:15","slug":"almanach-ruchu-poetyckiego-zgrzyt-odslona-druga","status":"publish","type":"post","link":"http:\/\/muzeum.brzozow.pl\/?p=1959","title":{"rendered":"Almanach Ruchu Poetyckiego &#8222;Zgrzyt&#8221;. Ods\u0142ona druga"},"content":{"rendered":"<p style=\"text-align: justify;\"><span style=\"font-size: 14pt;\">Wtorkowe&nbsp; popo\u0142udnie (18 wrze\u015bnia br.) zgromadzi\u0142o w Muzeum Regio- nalnym w Brzozowie mi\u0142o\u015bnik\u00f3w poezji na kolejnym w tym roku Brzozowskim Spotkaniu Muzealnym, kt\u00f3rego tematem by\u0142a promocja drugiej cz\u0119\u015bci \u201eAlmanachu Ruchu Poetyckiego Zgrzyt\u201d pod red. Anny Ziemby-Lonc oraz spotkanie autorskie z cz\u0142onkami tego\u017c ruchu.<\/span><\/p>\n<p style=\"text-align: justify;\"><span style=\"font-size: 14pt;\">Go\u015bcie, w\u015br\u00f3d nich przedstawiciele Rady Miejskiej <\/span><span style=\"font-size: 14pt;\">w Brzozowie (Maria Bodzioch i Stanis\u0142aw Niedzielski), kierownik Biblioteki Pedagogicznej w Brzozowie El\u017cbieta Szul oraz sympatycy brzozowskiego muzeum wys\u0142uchali wierszy, kt\u00f3rymi ze zgromadzonymi podzielili si\u0119: Katarzyna Tercha-Frankiewicz, Anna Ziemba-Lonc, Anna Wiatrak, Halina Urban, Agnieszka Mrozek, Kamil Frankiewicz, Jan Organ i J\u00f3zef Tomo\u0144.<\/span><\/p>\n<p style=\"text-align: justify;\"><span style=\"font-size: 14pt;\">Ruch Poetycki \u201eZgrzyt\u201d istnieje ju\u017c prawie cztery lata <\/span><span style=\"font-size: 14pt;\">i skupia coraz wi\u0119ksz\u0105 liczb\u0119 os\u00f3b. \u201eCiesz\u0119 si\u0119, \u017ce ju\u017c po raz kolejny spotkanie z poezj\u0105 \u201ezgrzytowc\u00f3w\u201d <\/span><span style=\"font-size: 14pt;\">ma miejsce w naszym muzeum. Cz\u0142onkowie grupy <\/span><span style=\"font-size: 14pt;\">organizuj\u0105 spotkania autorskie (grupowe, indywidualne, okazjonalne) i dzia\u0142aj\u0105 g\u0142\u00f3wnie przy brzozowskiej filii Pedagogicznej Biblioteki Wojew\u00f3dzkiej, ale wsp\u00f3\u0142pracuj\u0105 r\u00f3wnie\u017c z innymi instytucjami, r\u00f3wnie\u017c z naszym <\/span><span style=\"font-size: 14pt;\">muzeum\u201d \u2013 powiedzia\u0142a prowadz\u0105ca spotkanie.<\/span><\/p>\n<p style=\"text-align: justify;\"><span style=\"font-size: 14pt;\">\u201eNasz ruch jest niczym nieskr\u0119powan\u0105 inicjatyw\u0105 tw\u00f3rcz\u0105. Ka\u017cdy ch\u0119tny poeta, w ka\u017cdej chwili mo\u017ce do\u0142\u0105czy\u0107 do \u00bbZgrzytu\u00ab, do czego serdecznie zapraszamy\u201d \u2013 informuj\u0105 za\u0142o\u017cyciele grupy.<\/span><\/p>\n<p style=\"text-align: justify;\"><span style=\"font-size: 14pt;\">Witold Witkowski w debacie \u201eJak rozmawia\u0107 o poezji\u201d pisze tak: \u201eKto o poezji rozmawia? Komu chce si\u0119 o niej gada\u0107? \u017be co niby? Co powiedzie\u0107? \u017be wiersz jaki\u015b taki czy inny? O tym mo\u017cna gada\u0107 przy czytaniu wiersza! Tylko kto spotyka si\u0119, \u017ceby wiersze poczyta\u0107? No, chyba nie ma co udawa\u0107, \u017ce odpowied\u017a jest buduj\u0105ca. Znowu wychodzi na to, \u017ce o ile wiersze czytaj\u0105 jacy\u015b ludzie, to rozmawiaj\u0105 o nich tylko uczniowie i nauczyciele, poeci <\/span><span style=\"font-size: 14pt;\">i jeszcze krytycy. Ze wsp\u00f3\u0142czesn\u0105 poezj\u0105 sprawa ma si\u0119 tak, \u017ce w istocie rozmawiaj\u0105 o niej tylko poeci i krytycy [\u2026]. Jest jednak wyj\u0105tek \u2013 jedno miejsce, gdzie rozmawia si\u0119 nawet o wierszach, cho\u0107by o poezji. [\u2026] <\/span><span style=\"font-size: 14pt;\">To oczywi\u015bcie Internet\u201d. Tak pisze pan Witkowski. <\/span><span style=\"font-size: 14pt;\">Na szcz\u0119\u015bcie my wiemy, \u017ce temat poezji nie istnieje tylko w Internecie, bowiem na sta\u0142e wpisa\u0142 si\u0119 w tradycj\u0119 <\/span><span style=\"font-size: 14pt;\">spotka\u0144 muzealnych, w czasie kt\u00f3rych mamy kontakt <\/span><span style=\"font-size: 14pt;\">z \u017cyw\u0105 poezj\u0105.<\/span><\/p>\n<p style=\"text-align: justify;\"><span style=\"font-size: 14pt;\">\u201eO poezji w ka\u017cdym czasie i we wszystkich okoliczno\u015bciach trzeba rozmawia\u0107 tak, jak o wszystkim: <\/span><span style=\"font-size: 14pt;\">uczciwie, merytorycznie i z dobr\u0105 emocj\u0105. Pokonywa\u0107 l\u0119ki i fobie, odrzuca\u0107 stereotypy. Dopasowywa\u0107 si\u0119 do mo\u017cliwo\u015bci, kt\u00f3re do rozmowy o niej samej daje wsp\u00f3\u0142czesna poezja i dalej naprz\u00f3d. [\u2026] Nikt nie powie, <\/span><span style=\"font-size: 14pt;\">\u017ce poezja jest niepotrzebna.\u201d \u2013 pisze W. Witkowski.<\/span><\/p>\n<p style=\"text-align: justify;\"><span style=\"font-size: 14pt;\">Poeci \u201eZgrzytu\u201d w czasie promocji tomiku zaprezentowali wiersze, kt\u00f3re znalaz\u0142y si\u0119 w drugiej cz\u0119\u015bci almanachu wydanego przez ow\u0105 grup\u0119.<\/span><\/p>\n<p style=\"text-align: justify;\"><span style=\"font-size: 14pt;\">Anna Ziemba-Lonc, kt\u00f3ra zaj\u0119\u0142a si\u0119 redakcj\u0105, projektem ok\u0142adki, napisa\u0142a r\u00f3wnie\u017c we wst\u0119pie ksi\u0105\u017cki: <\/span><span style=\"font-size: 14pt;\">\u201eOd pierwszej ods\u0142ony almanachu Ruchu Poetyckiego \u00bbZgrzyt\u00ab min\u0105\u0142 rok\u2026 Rok bogaty w wydarzenia literackie, dla wielu z nas pe\u0142en sukces\u00f3w na niwie tw\u00f3rczej, dla niekt\u00f3rych obfituj\u0105cy w wa\u017cne wydarzenia w \u017cyciu osobistym. [\u2026] Autorzy \u00bbZgrzytu\u00ab nie ustaj\u0105 w zdobywaniu nowych do\u015bwiadcze\u0144 i umiej\u0119tno\u015bci. Z sukcesami bior\u0105 udzia\u0142 w konkursach literackich i warsztatach organizowanych m.in. w interne- towych grupach poetyckich. [\u2026] Staramy si\u0119 realizowa\u0107 za\u0142o\u017cenia podj\u0119te przez <\/span><span style=\"font-size: 14pt;\">grup\u0119 w 2015 roku. Przy\u015bwieca nam idea pi\u0119knej poezji, ale te\u017c tolerancji i szacunku wobec wsp\u00f3\u0142autor\u00f3w\u201d.<\/span><\/p>\n<p style=\"text-align: justify;\"><span style=\"font-size: 14pt;\">W czasie wtorkowego spotkania powiedzia\u0142a: \u201eKiedy zak\u0142adali\u015bmy nasz\u0105 grup\u0119, w chyba trzy albo cztery <\/span><span style=\"font-size: 14pt;\">osoby, to nie s\u0105dzili\u015bmy, \u017ce tak si\u0119 fajnie nam to rozro\u015bnie. Dzisiaj jest ju\u017c nas jedena\u015bcioro poet\u00f3w, mamy nadziej\u0119, \u017ce b\u0119dzie wi\u0119cej. Zapraszamy wszystkich ch\u0119tnych do do\u0142\u0105czenia do nas.<\/span><\/p>\n<p style=\"text-align: justify;\"><span style=\"font-size: 14pt;\">To jest ju\u017c nasz drugi almanach. Mamy nadziej\u0119, <\/span><span style=\"font-size: 14pt;\">\u017ce almanachy b\u0119d\u0105 si\u0119 ukazywa\u0142y co roku, bo jest to fajne przedsi\u0119wzi\u0119cie i te\u017c fajna pami\u0105tka dla nas. [\u2026]. Zach\u0119cam do lektury almanachu, wi\u0119cej o Ruchu <\/span><span style=\"font-size: 14pt;\">Poetyckim \u00bbZgrzyt\u00ab w naszym ostatnim roku dzia\u0142alno\u015bci we wst\u0119pie ksi\u0105\u017cki\u201d.<\/span><\/p>\n<p style=\"text-align: justify;\"><span style=\"font-size: 14pt;\">Swoj\u0105 wypowied\u017a Anna Ziemba-Lonc spuentowa\u0142a s\u0142owami Jaros\u0142awa Iwaszkiewicza: \u201eZa ksi\u0105\u017ck\u0105 kryje si\u0119 autor. Jego pisanie jest wi\u0119c zawsze listem do czytelnika. Piszemy zazwyczaj listy do przyjaci\u00f3\u0142. Ksi\u0105\u017cka jest listem autora do przyjaciela\u201d.&nbsp;&nbsp;&nbsp;&nbsp;<\/span><\/p>\n<p style=\"text-align: justify;\"><span style=\"font-size: 14pt;\">Wsp\u00f3lne zdj\u0119cie i rozmowy kuluarowe przy kawie <\/span><span style=\"font-size: 14pt;\">i ciastku zako\u0144czy\u0142y niezwykle sympatyczne spotkanie <\/span><span style=\"font-size: 14pt;\">z poezj\u0105, kt\u00f3ra jest w naszym \u017cyciu czym\u015b wznios\u0142ym, niekiedy patriotycznym, dotyka naszej codzienno\u015bci. Dzi\u0119kujemy poetom za ubogacanie naszego \u017cycia swoj\u0105 poezj\u0105 i za t\u0105 niezwyk\u0142\u0105 uczt\u0119 s\u0142owa. W czasie spotkania mo\u017cna by\u0142o zakupi\u0107 najnowszy tomik wierszy Ruchu Poetyckiego \u201eZgrzyt\u201d.<\/span><\/p>\n<p style=\"text-align: right;\"><span style=\"font-size: 14pt;\"><em>&nbsp;ag<\/em><\/span><\/p>\n<p>&nbsp;<\/p>\n<p style=\"text-align: justify;\"><span style=\"font-size: 14pt;\"><em>fot. Marek Mara\u0144ski&nbsp;<\/em><\/span><\/p>\n<p>&nbsp;<\/p>\n\n\n<!-- default-view.php -->\n<div\n\tclass=\"ngg-galleryoverview default-view \"\n\tid=\"ngg-gallery-9d67f27e516fcf33b44c5dcc278afbe8-1\">\n\n\t\t<!-- Thumbnails -->\n\t\t\t\t<div id=\"ngg-image-0\" class=\"ngg-gallery-thumbnail-box \" >\n\t\t\t\t        <div class=\"ngg-gallery-thumbnail\">\n            <a href=\"http:\/\/muzeum.brzozow.pl\/wp-content\/gallery\/zgrzyt-2\/DSC_1133.jpg\"\n               title=\"\"\n               data-src=\"http:\/\/muzeum.brzozow.pl\/wp-content\/gallery\/zgrzyt-2\/DSC_1133.jpg\"\n               data-thumbnail=\"http:\/\/muzeum.brzozow.pl\/wp-content\/gallery\/zgrzyt-2\/thumbs\/thumbs_DSC_1133.jpg\"\n               data-image-id=\"431\"\n               data-title=\"DSC_1133\"\n               data-description=\"\"\n               data-image-slug=\"dsc_1133\"\n               class=\"ngg-simplelightbox\" rel=\"9d67f27e516fcf33b44c5dcc278afbe8\">\n                <img\n                    title=\"DSC_1133\"\n                    alt=\"DSC_1133\"\n                    src=\"http:\/\/muzeum.brzozow.pl\/wp-content\/gallery\/zgrzyt-2\/thumbs\/thumbs_DSC_1133.jpg\"\n                    width=\"240\"\n                    height=\"160\"\n                    style=\"max-width:100%;\"\n                \/>\n            <\/a>\n        <\/div>\n\t\t\t\t\t\t\t<\/div> \n\t\t\t\n\t\t\t\t<div id=\"ngg-image-1\" class=\"ngg-gallery-thumbnail-box \" >\n\t\t\t\t        <div class=\"ngg-gallery-thumbnail\">\n            <a href=\"http:\/\/muzeum.brzozow.pl\/wp-content\/gallery\/zgrzyt-2\/DSC_1087.jpg\"\n               title=\"\"\n               data-src=\"http:\/\/muzeum.brzozow.pl\/wp-content\/gallery\/zgrzyt-2\/DSC_1087.jpg\"\n               data-thumbnail=\"http:\/\/muzeum.brzozow.pl\/wp-content\/gallery\/zgrzyt-2\/thumbs\/thumbs_DSC_1087.jpg\"\n               data-image-id=\"432\"\n               data-title=\"DSC_1087\"\n               data-description=\"\"\n               data-image-slug=\"dsc_1087\"\n               class=\"ngg-simplelightbox\" rel=\"9d67f27e516fcf33b44c5dcc278afbe8\">\n                <img\n                    title=\"DSC_1087\"\n                    alt=\"DSC_1087\"\n                    src=\"http:\/\/muzeum.brzozow.pl\/wp-content\/gallery\/zgrzyt-2\/thumbs\/thumbs_DSC_1087.jpg\"\n                    width=\"240\"\n                    height=\"160\"\n                    style=\"max-width:100%;\"\n                \/>\n            <\/a>\n        <\/div>\n\t\t\t\t\t\t\t<\/div> \n\t\t\t\n\t\t\t\t<div id=\"ngg-image-2\" class=\"ngg-gallery-thumbnail-box \" >\n\t\t\t\t        <div class=\"ngg-gallery-thumbnail\">\n            <a href=\"http:\/\/muzeum.brzozow.pl\/wp-content\/gallery\/zgrzyt-2\/DSC_1129.jpg\"\n               title=\"\"\n               data-src=\"http:\/\/muzeum.brzozow.pl\/wp-content\/gallery\/zgrzyt-2\/DSC_1129.jpg\"\n               data-thumbnail=\"http:\/\/muzeum.brzozow.pl\/wp-content\/gallery\/zgrzyt-2\/thumbs\/thumbs_DSC_1129.jpg\"\n               data-image-id=\"433\"\n               data-title=\"DSC_1129\"\n               data-description=\"\"\n               data-image-slug=\"dsc_1129\"\n               class=\"ngg-simplelightbox\" rel=\"9d67f27e516fcf33b44c5dcc278afbe8\">\n                <img\n                    title=\"DSC_1129\"\n                    alt=\"DSC_1129\"\n                    src=\"http:\/\/muzeum.brzozow.pl\/wp-content\/gallery\/zgrzyt-2\/thumbs\/thumbs_DSC_1129.jpg\"\n                    width=\"240\"\n                    height=\"160\"\n                    style=\"max-width:100%;\"\n                \/>\n            <\/a>\n        <\/div>\n\t\t\t\t\t\t\t<\/div> \n\t\t\t\n\t\t\t\t<div id=\"ngg-image-3\" class=\"ngg-gallery-thumbnail-box \" >\n\t\t\t\t        <div class=\"ngg-gallery-thumbnail\">\n            <a href=\"http:\/\/muzeum.brzozow.pl\/wp-content\/gallery\/zgrzyt-2\/DSC_1158.jpg\"\n               title=\"\"\n               data-src=\"http:\/\/muzeum.brzozow.pl\/wp-content\/gallery\/zgrzyt-2\/DSC_1158.jpg\"\n               data-thumbnail=\"http:\/\/muzeum.brzozow.pl\/wp-content\/gallery\/zgrzyt-2\/thumbs\/thumbs_DSC_1158.jpg\"\n               data-image-id=\"434\"\n               data-title=\"DSC_1158\"\n               data-description=\"\"\n               data-image-slug=\"dsc_1158\"\n               class=\"ngg-simplelightbox\" rel=\"9d67f27e516fcf33b44c5dcc278afbe8\">\n                <img\n                    title=\"DSC_1158\"\n                    alt=\"DSC_1158\"\n                    src=\"http:\/\/muzeum.brzozow.pl\/wp-content\/gallery\/zgrzyt-2\/thumbs\/thumbs_DSC_1158.jpg\"\n                    width=\"240\"\n                    height=\"160\"\n                    style=\"max-width:100%;\"\n                \/>\n            <\/a>\n        <\/div>\n\t\t\t\t\t\t\t<\/div> \n\t\t\t\n\t\t\t\t<div id=\"ngg-image-4\" class=\"ngg-gallery-thumbnail-box \" >\n\t\t\t\t        <div class=\"ngg-gallery-thumbnail\">\n            <a href=\"http:\/\/muzeum.brzozow.pl\/wp-content\/gallery\/zgrzyt-2\/DSC_1144.jpg\"\n               title=\"\"\n               data-src=\"http:\/\/muzeum.brzozow.pl\/wp-content\/gallery\/zgrzyt-2\/DSC_1144.jpg\"\n               data-thumbnail=\"http:\/\/muzeum.brzozow.pl\/wp-content\/gallery\/zgrzyt-2\/thumbs\/thumbs_DSC_1144.jpg\"\n               data-image-id=\"435\"\n               data-title=\"DSC_1144\"\n               data-description=\"\"\n               data-image-slug=\"dsc_1144\"\n               class=\"ngg-simplelightbox\" rel=\"9d67f27e516fcf33b44c5dcc278afbe8\">\n                <img\n                    title=\"DSC_1144\"\n                    alt=\"DSC_1144\"\n                    src=\"http:\/\/muzeum.brzozow.pl\/wp-content\/gallery\/zgrzyt-2\/thumbs\/thumbs_DSC_1144.jpg\"\n                    width=\"240\"\n                    height=\"160\"\n                    style=\"max-width:100%;\"\n                \/>\n            <\/a>\n        <\/div>\n\t\t\t\t\t\t\t<\/div> \n\t\t\t\n\t\t\t\t<div id=\"ngg-image-5\" class=\"ngg-gallery-thumbnail-box \" >\n\t\t\t\t        <div class=\"ngg-gallery-thumbnail\">\n            <a href=\"http:\/\/muzeum.brzozow.pl\/wp-content\/gallery\/zgrzyt-2\/DSC_1138.jpg\"\n               title=\"\"\n               data-src=\"http:\/\/muzeum.brzozow.pl\/wp-content\/gallery\/zgrzyt-2\/DSC_1138.jpg\"\n               data-thumbnail=\"http:\/\/muzeum.brzozow.pl\/wp-content\/gallery\/zgrzyt-2\/thumbs\/thumbs_DSC_1138.jpg\"\n               data-image-id=\"436\"\n               data-title=\"DSC_1138\"\n               data-description=\"\"\n               data-image-slug=\"dsc_1138\"\n               class=\"ngg-simplelightbox\" rel=\"9d67f27e516fcf33b44c5dcc278afbe8\">\n                <img\n                    title=\"DSC_1138\"\n                    alt=\"DSC_1138\"\n                    src=\"http:\/\/muzeum.brzozow.pl\/wp-content\/gallery\/zgrzyt-2\/thumbs\/thumbs_DSC_1138.jpg\"\n                    width=\"240\"\n                    height=\"160\"\n                    style=\"max-width:100%;\"\n                \/>\n            <\/a>\n        <\/div>\n\t\t\t\t\t\t\t<\/div> \n\t\t\t\n\t\t\t\t<div id=\"ngg-image-6\" class=\"ngg-gallery-thumbnail-box \" >\n\t\t\t\t        <div class=\"ngg-gallery-thumbnail\">\n            <a href=\"http:\/\/muzeum.brzozow.pl\/wp-content\/gallery\/zgrzyt-2\/DSC_1167.jpg\"\n               title=\"\"\n               data-src=\"http:\/\/muzeum.brzozow.pl\/wp-content\/gallery\/zgrzyt-2\/DSC_1167.jpg\"\n               data-thumbnail=\"http:\/\/muzeum.brzozow.pl\/wp-content\/gallery\/zgrzyt-2\/thumbs\/thumbs_DSC_1167.jpg\"\n               data-image-id=\"437\"\n               data-title=\"DSC_1167\"\n               data-description=\"\"\n               data-image-slug=\"dsc_1167\"\n               class=\"ngg-simplelightbox\" rel=\"9d67f27e516fcf33b44c5dcc278afbe8\">\n                <img\n                    title=\"DSC_1167\"\n                    alt=\"DSC_1167\"\n                    src=\"http:\/\/muzeum.brzozow.pl\/wp-content\/gallery\/zgrzyt-2\/thumbs\/thumbs_DSC_1167.jpg\"\n                    width=\"240\"\n                    height=\"160\"\n                    style=\"max-width:100%;\"\n                \/>\n            <\/a>\n        <\/div>\n\t\t\t\t\t\t\t<\/div> \n\t\t\t\n\t\t\t\t<div id=\"ngg-image-7\" class=\"ngg-gallery-thumbnail-box \" >\n\t\t\t\t        <div class=\"ngg-gallery-thumbnail\">\n            <a href=\"http:\/\/muzeum.brzozow.pl\/wp-content\/gallery\/zgrzyt-2\/DSC_1209.jpg\"\n               title=\"\"\n               data-src=\"http:\/\/muzeum.brzozow.pl\/wp-content\/gallery\/zgrzyt-2\/DSC_1209.jpg\"\n               data-thumbnail=\"http:\/\/muzeum.brzozow.pl\/wp-content\/gallery\/zgrzyt-2\/thumbs\/thumbs_DSC_1209.jpg\"\n               data-image-id=\"438\"\n               data-title=\"DSC_1209\"\n               data-description=\"\"\n               data-image-slug=\"dsc_1209\"\n               class=\"ngg-simplelightbox\" rel=\"9d67f27e516fcf33b44c5dcc278afbe8\">\n                <img\n                    title=\"DSC_1209\"\n                    alt=\"DSC_1209\"\n                    src=\"http:\/\/muzeum.brzozow.pl\/wp-content\/gallery\/zgrzyt-2\/thumbs\/thumbs_DSC_1209.jpg\"\n                    width=\"240\"\n                    height=\"160\"\n                    style=\"max-width:100%;\"\n                \/>\n            <\/a>\n        <\/div>\n\t\t\t\t\t\t\t<\/div> \n\t\t\t\n\t\t\t\t<div id=\"ngg-image-8\" class=\"ngg-gallery-thumbnail-box \" >\n\t\t\t\t        <div class=\"ngg-gallery-thumbnail\">\n            <a href=\"http:\/\/muzeum.brzozow.pl\/wp-content\/gallery\/zgrzyt-2\/DSC_1227.jpg\"\n               title=\"\"\n               data-src=\"http:\/\/muzeum.brzozow.pl\/wp-content\/gallery\/zgrzyt-2\/DSC_1227.jpg\"\n               data-thumbnail=\"http:\/\/muzeum.brzozow.pl\/wp-content\/gallery\/zgrzyt-2\/thumbs\/thumbs_DSC_1227.jpg\"\n               data-image-id=\"439\"\n               data-title=\"DSC_1227\"\n               data-description=\"\"\n               data-image-slug=\"dsc_1227-1\"\n               class=\"ngg-simplelightbox\" rel=\"9d67f27e516fcf33b44c5dcc278afbe8\">\n                <img\n                    title=\"DSC_1227\"\n                    alt=\"DSC_1227\"\n                    src=\"http:\/\/muzeum.brzozow.pl\/wp-content\/gallery\/zgrzyt-2\/thumbs\/thumbs_DSC_1227.jpg\"\n                    width=\"240\"\n                    height=\"160\"\n                    style=\"max-width:100%;\"\n                \/>\n            <\/a>\n        <\/div>\n\t\t\t\t\t\t\t<\/div> \n\t\t\t\n\t\t\t\t<div id=\"ngg-image-9\" class=\"ngg-gallery-thumbnail-box \" >\n\t\t\t\t        <div class=\"ngg-gallery-thumbnail\">\n            <a href=\"http:\/\/muzeum.brzozow.pl\/wp-content\/gallery\/zgrzyt-2\/DSC_1175.jpg\"\n               title=\"\"\n               data-src=\"http:\/\/muzeum.brzozow.pl\/wp-content\/gallery\/zgrzyt-2\/DSC_1175.jpg\"\n               data-thumbnail=\"http:\/\/muzeum.brzozow.pl\/wp-content\/gallery\/zgrzyt-2\/thumbs\/thumbs_DSC_1175.jpg\"\n               data-image-id=\"440\"\n               data-title=\"DSC_1175\"\n               data-description=\"\"\n               data-image-slug=\"dsc_1175\"\n               class=\"ngg-simplelightbox\" rel=\"9d67f27e516fcf33b44c5dcc278afbe8\">\n                <img\n                    title=\"DSC_1175\"\n                    alt=\"DSC_1175\"\n                    src=\"http:\/\/muzeum.brzozow.pl\/wp-content\/gallery\/zgrzyt-2\/thumbs\/thumbs_DSC_1175.jpg\"\n                    width=\"240\"\n                    height=\"160\"\n                    style=\"max-width:100%;\"\n                \/>\n            <\/a>\n        <\/div>\n\t\t\t\t\t\t\t<\/div> \n\t\t\t\n\t\t\t\t<div id=\"ngg-image-10\" class=\"ngg-gallery-thumbnail-box \" >\n\t\t\t\t        <div class=\"ngg-gallery-thumbnail\">\n            <a href=\"http:\/\/muzeum.brzozow.pl\/wp-content\/gallery\/zgrzyt-2\/DSC_1192.jpg\"\n               title=\"\"\n               data-src=\"http:\/\/muzeum.brzozow.pl\/wp-content\/gallery\/zgrzyt-2\/DSC_1192.jpg\"\n               data-thumbnail=\"http:\/\/muzeum.brzozow.pl\/wp-content\/gallery\/zgrzyt-2\/thumbs\/thumbs_DSC_1192.jpg\"\n               data-image-id=\"441\"\n               data-title=\"DSC_1192\"\n               data-description=\"\"\n               data-image-slug=\"dsc_1192\"\n               class=\"ngg-simplelightbox\" rel=\"9d67f27e516fcf33b44c5dcc278afbe8\">\n                <img\n                    title=\"DSC_1192\"\n                    alt=\"DSC_1192\"\n                    src=\"http:\/\/muzeum.brzozow.pl\/wp-content\/gallery\/zgrzyt-2\/thumbs\/thumbs_DSC_1192.jpg\"\n                    width=\"240\"\n                    height=\"160\"\n                    style=\"max-width:100%;\"\n                \/>\n            <\/a>\n        <\/div>\n\t\t\t\t\t\t\t<\/div> \n\t\t\t\n\t\t\t\t<div id=\"ngg-image-11\" class=\"ngg-gallery-thumbnail-box \" >\n\t\t\t\t        <div class=\"ngg-gallery-thumbnail\">\n            <a href=\"http:\/\/muzeum.brzozow.pl\/wp-content\/gallery\/zgrzyt-2\/DSC_1241.jpg\"\n               title=\"\"\n               data-src=\"http:\/\/muzeum.brzozow.pl\/wp-content\/gallery\/zgrzyt-2\/DSC_1241.jpg\"\n               data-thumbnail=\"http:\/\/muzeum.brzozow.pl\/wp-content\/gallery\/zgrzyt-2\/thumbs\/thumbs_DSC_1241.jpg\"\n               data-image-id=\"442\"\n               data-title=\"DSC_1241\"\n               data-description=\"\"\n               data-image-slug=\"dsc_1241\"\n               class=\"ngg-simplelightbox\" rel=\"9d67f27e516fcf33b44c5dcc278afbe8\">\n                <img\n                    title=\"DSC_1241\"\n                    alt=\"DSC_1241\"\n                    src=\"http:\/\/muzeum.brzozow.pl\/wp-content\/gallery\/zgrzyt-2\/thumbs\/thumbs_DSC_1241.jpg\"\n                    width=\"240\"\n                    height=\"160\"\n                    style=\"max-width:100%;\"\n                \/>\n            <\/a>\n        <\/div>\n\t\t\t\t\t\t\t<\/div> \n\t\t\t\n\t\t\t\t<div id=\"ngg-image-12\" class=\"ngg-gallery-thumbnail-box \" >\n\t\t\t\t        <div class=\"ngg-gallery-thumbnail\">\n            <a href=\"http:\/\/muzeum.brzozow.pl\/wp-content\/gallery\/zgrzyt-2\/DSC_1234.jpg\"\n               title=\"\"\n               data-src=\"http:\/\/muzeum.brzozow.pl\/wp-content\/gallery\/zgrzyt-2\/DSC_1234.jpg\"\n               data-thumbnail=\"http:\/\/muzeum.brzozow.pl\/wp-content\/gallery\/zgrzyt-2\/thumbs\/thumbs_DSC_1234.jpg\"\n               data-image-id=\"443\"\n               data-title=\"DSC_1234\"\n               data-description=\"\"\n               data-image-slug=\"dsc_1234\"\n               class=\"ngg-simplelightbox\" rel=\"9d67f27e516fcf33b44c5dcc278afbe8\">\n                <img\n                    title=\"DSC_1234\"\n                    alt=\"DSC_1234\"\n                    src=\"http:\/\/muzeum.brzozow.pl\/wp-content\/gallery\/zgrzyt-2\/thumbs\/thumbs_DSC_1234.jpg\"\n                    width=\"240\"\n                    height=\"160\"\n                    style=\"max-width:100%;\"\n                \/>\n            <\/a>\n        <\/div>\n\t\t\t\t\t\t\t<\/div> \n\t\t\t\n\t\t\t\t<div id=\"ngg-image-13\" class=\"ngg-gallery-thumbnail-box \" >\n\t\t\t\t        <div class=\"ngg-gallery-thumbnail\">\n            <a href=\"http:\/\/muzeum.brzozow.pl\/wp-content\/gallery\/zgrzyt-2\/DSC_1247.jpg\"\n               title=\"\"\n               data-src=\"http:\/\/muzeum.brzozow.pl\/wp-content\/gallery\/zgrzyt-2\/DSC_1247.jpg\"\n               data-thumbnail=\"http:\/\/muzeum.brzozow.pl\/wp-content\/gallery\/zgrzyt-2\/thumbs\/thumbs_DSC_1247.jpg\"\n               data-image-id=\"444\"\n               data-title=\"DSC_1247\"\n               data-description=\"\"\n               data-image-slug=\"dsc_1247\"\n               class=\"ngg-simplelightbox\" rel=\"9d67f27e516fcf33b44c5dcc278afbe8\">\n                <img\n                    title=\"DSC_1247\"\n                    alt=\"DSC_1247\"\n                    src=\"http:\/\/muzeum.brzozow.pl\/wp-content\/gallery\/zgrzyt-2\/thumbs\/thumbs_DSC_1247.jpg\"\n                    width=\"240\"\n                    height=\"160\"\n                    style=\"max-width:100%;\"\n                \/>\n            <\/a>\n        <\/div>\n\t\t\t\t\t\t\t<\/div> \n\t\t\t\n\t\n\t<br style=\"clear: both\" \/>\n\n\t\n\t\t<!-- Pagination -->\n\t<div class='ngg-clear'><\/div>\t<\/div>\n\n\n\n\n<p><\/p>\n","protected":false},"excerpt":{"rendered":"<p>Wtorkowe&nbsp; popo\u0142udnie (18 wrze\u015bnia br.)<\/p>\n","protected":false},"author":1,"featured_media":1710,"comment_status":"closed","ping_status":"closed","sticky":false,"template":"","format":"standard","meta":{"ngg_post_thumbnail":0},"categories":[13,2,10,17,24],"tags":[],"_links":{"self":[{"href":"http:\/\/muzeum.brzozow.pl\/index.php?rest_route=\/wp\/v2\/posts\/1959"}],"collection":[{"href":"http:\/\/muzeum.brzozow.pl\/index.php?rest_route=\/wp\/v2\/posts"}],"about":[{"href":"http:\/\/muzeum.brzozow.pl\/index.php?rest_route=\/wp\/v2\/types\/post"}],"author":[{"embeddable":true,"href":"http:\/\/muzeum.brzozow.pl\/index.php?rest_route=\/wp\/v2\/users\/1"}],"replies":[{"embeddable":true,"href":"http:\/\/muzeum.brzozow.pl\/index.php?rest_route=%2Fwp%2Fv2%2Fcomments&post=1959"}],"version-history":[{"count":4,"href":"http:\/\/muzeum.brzozow.pl\/index.php?rest_route=\/wp\/v2\/posts\/1959\/revisions"}],"predecessor-version":[{"id":6416,"href":"http:\/\/muzeum.brzozow.pl\/index.php?rest_route=\/wp\/v2\/posts\/1959\/revisions\/6416"}],"wp:featuredmedia":[{"embeddable":true,"href":"http:\/\/muzeum.brzozow.pl\/index.php?rest_route=\/wp\/v2\/media\/1710"}],"wp:attachment":[{"href":"http:\/\/muzeum.brzozow.pl\/index.php?rest_route=%2Fwp%2Fv2%2Fmedia&parent=1959"}],"wp:term":[{"taxonomy":"category","embeddable":true,"href":"http:\/\/muzeum.brzozow.pl\/index.php?rest_route=%2Fwp%2Fv2%2Fcategories&post=1959"},{"taxonomy":"post_tag","embeddable":true,"href":"http:\/\/muzeum.brzozow.pl\/index.php?rest_route=%2Fwp%2Fv2%2Ftags&post=1959"}],"curies":[{"name":"wp","href":"https:\/\/api.w.org\/{rel}","templated":true}]}}